{"id":877,"date":"2021-06-24T09:06:00","date_gmt":"2021-06-24T07:06:00","guid":{"rendered":"https:\/\/www.visitvarmland.com\/visitvarmland-org\/?post_type=news&#038;p=877"},"modified":"2024-06-03T17:47:12","modified_gmt":"2024-06-03T15:47:12","slug":"regional-satsning-stod-for-att-underlatta-kulturella-skolbesok","status":"publish","type":"news","link":"https:\/\/www.visitvarmland.com\/corporate\/nyheter\/regional-satsning-stod-for-att-underlatta-kulturella-skolbesok\/","title":{"rendered":"Regional satsning &#8211; St\u00f6d f\u00f6r att underl\u00e4tta kulturella skolbes\u00f6k"},"content":{"rendered":"\n<p>St\u00f6d till skolresor &#8211; en regional satsning. I h\u00f6st kan skolor f\u00e5 ekonomiskt st\u00f6d till att resa till Wermland Opera, V\u00e4stan\u00e5 Teater, M\u00e5rbacka, Alma L\u00f6v Museum och V\u00e4rmlands Museum och dess verksamheter i l\u00e4net. Region V\u00e4rmland har avsatt 1,4 miljoner kronor som st\u00f6d till att underl\u00e4tta skolbes\u00f6k n\u00e4r kulturverksamheterna kommer ig\u00e5ng med sitt skolutbud efter pandemin.\u00a0<a rel=\"noreferrer noopener\" href=\"https:\/\/www.idrelay.com\/v4_idrlink.asp?q=CA3C-7E3-E018-5c63969a13a8fa0a0564382b4a55ae3f-7B\" target=\"_blank\">L\u00e4s pressmeddelandet<\/a>.<\/p>\n","protected":false},"author":3,"featured_media":0,"template":"","class_list":["post-877","news","type-news","status-publish","hentry"],"acf":[],"lang":"sv","translations":{"sv":877},"pll_sync_post":[],"_links":{"self":[{"href":"https:\/\/www.visitvarmland.com\/corporate\/wp-json\/wp\/v2\/news\/877","targetHints":{"allow":["GET"]}}],"collection":[{"href":"https:\/\/www.visitvarmland.com\/corporate\/wp-json\/wp\/v2\/news"}],"about":[{"href":"https:\/\/www.visitvarmland.com\/corporate\/wp-json\/wp\/v2\/types\/news"}],"author":[{"embeddable":true,"href":"https:\/\/www.visitvarmland.com\/corporate\/wp-json\/wp\/v2\/users\/3"}],"wp:attachment":[{"href":"https:\/\/www.visitvarmland.com\/corporate\/wp-json\/wp\/v2\/media?parent=877"}],"curies":[{"name":"wp","href":"https:\/\/api.w.org\/{rel}","templated":true}]}}