{"id":878,"date":"2021-06-16T09:07:00","date_gmt":"2021-06-16T07:07:00","guid":{"rendered":"https:\/\/www.visitvarmland.com\/visitvarmland-org\/?post_type=news&#038;p=878"},"modified":"2024-06-03T17:47:13","modified_gmt":"2024-06-03T15:47:13","slug":"varldsrekord-under-cykelns-dag","status":"publish","type":"news","link":"https:\/\/www.visitvarmland.com\/corporate\/nyheter\/varldsrekord-under-cykelns-dag\/","title":{"rendered":"V\u00e4rldsrekord under cykelns dag"},"content":{"rendered":"\n<p>Stort engagemang hos cykelklubbar, cykelhandlare, cykelverkst\u00e4der, kommuner och m\u00e5nga fler. Vackert v\u00e4der. Tusentals glada cyklister i sociala medier. Ett nytt v\u00e4rldsrekord i insamlad cykeltid. En kraschad hemsida. Bra start f\u00f6r insamlingen av cykeltid bland skolelever.Fortsatt pandemi. Stora f\u00f6rhoppningar f\u00f6r framtiden.<\/p>\n\n\n\n<div class=\"wp-block-atheme-component-action-button atheme-wrapper--action-button-single\"><a href=\"https:\/\/www.cykelnsdag.com\/\" target=\"_self\" class=\"a-action a-action--arrow\" rel=\"noopener\"><span>L\u00e4s mer om Cykelns dag <\/span><\/a><\/div>\n\n\n\n<p>S\u00e5 h\u00e4r skriver de i sitt utskick:<\/p>\n\n\n\n<h2 class=\"wp-block-heading\">Nytt v\u00e4rldsrekord trots fortsatt pandemi<\/h2>\n\n\n\n<p>Det nya v\u00e4rldsrekordet i insamlad cykeltid p\u00e5 en hemsida \u00e4r 474 017 minuter. Det motsvarar elva m\u00e5nader. Av dessa stod skolelever f\u00f6r 63 436 minuter, vilket motsvarar omkring sex veckor. F\u00f6rb\u00e4ttringen av v\u00e4rldsrekordet fr\u00e5n i fjol \u00e4r inte s\u00e5 stor, men emot oss hade vi att covid-19-pandemin forts\u00e4tter att g\u00f6ra det sv\u00e5rt att samlas till gemensamma aktiviteter och att fler jobbar hemifr\u00e5n nu \u00e4n f\u00f6r ett \u00e5r sedan.<\/p>\n\n\n\n<p>Men l\u00e5t oss redovisa n\u00e5gra andra siffror som visar resultatet av v\u00e5rt arbete.&nbsp;<\/p>\n\n\n\n<h2 class=\"wp-block-heading\">N\u00e5tt miljontals svenskar med \u00f6ver 1 000 inl\u00e4gg<\/h2>\n\n\n\n<p>Medies\u00f6kningstj\u00e4nsten Notified har r\u00e4knat ut att \u00e5tta miljoner svenskar har n\u00e5tts av budskap om Cykelns dag via redaktionella medier, hemsidor, sociala medier och bloggar. Och d\u00e5 vet vi att inl\u00e4ggen p\u00e5 Instagram med #cykelnsdag var 50 procent fler \u00e4n vad Notified har registrerat\u2026<\/p>\n\n\n\n<p>Tack vare inl\u00e4gg p\u00e5 sociala medier fr\u00e5n organisationer, f\u00f6retag och kommuner har spridningen d\u00e4r varit helt fantastisk. Det g\u00e5r att uppskatta dessa inl\u00e4ggen till en bra bit \u00f6ver 1 000 stycken. Snacka om att sprida cykelgl\u00e4dje.&nbsp;<\/p>\n\n\n\n<h2 class=\"wp-block-heading\">Aktiviteter i hela landet<\/h2>\n\n\n\n<p>Vad vi har snappat upp genomf\u00f6rdes 36 aktiviteter kopplade till Cykelns dag runt om i landet. Det handlar om aktiviteter i cykelklubbar och i cykelaff\u00e4rer, f\u00f6retag inom cykelbranschen som hade s\u00e4rskilda erbjudanden under Cykelns dag och kommuner som arrangerade cykelbingon och cykelquiz.&nbsp;<\/p>\n\n\n\n<p>Om vi ska lyfta fram en aktivitet s\u00e5 f\u00e5r det bli Metallens f\u00f6rskola i Finsp\u00e5ng som hade en temavecka om cykling med allt fr\u00e5n att prova p\u00e5 att cykla p\u00e5 f\u00f6rskoleg\u00e5rdens olika underlag och rita cyklar till att diskutera nyttan med att cykla med barnen. T\u00e4nk om det kunde bli en tradition p\u00e5 alla landets f\u00f6rskolor.&nbsp;<\/p>\n\n\n\n<h2 class=\"wp-block-heading\">Nu riktar vi lyset p\u00e5 n\u00e4sta \u00e5r<\/h2>\n\n\n\n<p>Detta var andra \u00e5ret som Cykelns dag arrangerades under dessa former i Sverige den 3 juni som FN har utlyst som World Bicycle Day. Det v\u00e4xande intresset hos allt fler att vara med och sprida uppmaningar och cykling och att ordna aktiviteter b\u00e5dar gott inf\u00f6r framtiden.&nbsp;<\/p>\n\n\n\n<p>F\u00f6rhoppningsvis kan vi om ett \u00e5r fira Cykelns dag utan n\u00e5gra restriktioner till f\u00f6ljd av pandemin. Det g\u00f6r att det redan nu \u00e4r dags att b\u00f6rja fundera p\u00e5 vilka stord\u00e5d som ni i er organisation, ert f\u00f6retag eller er kommun vill genomf\u00f6ra p\u00e5 Cykelns dag n\u00e4sta \u00e5r f\u00f6r att uppmuntra fler att cykla och att cykla p\u00e5 nya s\u00e4tt.&nbsp;<\/p>\n","protected":false},"author":3,"featured_media":0,"template":"","class_list":["post-878","news","type-news","status-publish","hentry"],"acf":[],"lang":"sv","translations":{"sv":878},"pll_sync_post":[],"_links":{"self":[{"href":"https:\/\/www.visitvarmland.com\/corporate\/wp-json\/wp\/v2\/news\/878","targetHints":{"allow":["GET"]}}],"collection":[{"href":"https:\/\/www.visitvarmland.com\/corporate\/wp-json\/wp\/v2\/news"}],"about":[{"href":"https:\/\/www.visitvarmland.com\/corporate\/wp-json\/wp\/v2\/types\/news"}],"author":[{"embeddable":true,"href":"https:\/\/www.visitvarmland.com\/corporate\/wp-json\/wp\/v2\/users\/3"}],"wp:attachment":[{"href":"https:\/\/www.visitvarmland.com\/corporate\/wp-json\/wp\/v2\/media?parent=878"}],"curies":[{"name":"wp","href":"https:\/\/api.w.org\/{rel}","templated":true}]}}