{"id":879,"date":"2021-06-14T09:10:00","date_gmt":"2021-06-14T07:10:00","guid":{"rendered":"https:\/\/www.visitvarmland.com\/visitvarmland-org\/?post_type=news&#038;p=879"},"modified":"2024-06-03T17:47:13","modified_gmt":"2024-06-03T15:47:13","slug":"varmlandsstrategin","status":"publish","type":"news","link":"https:\/\/www.visitvarmland.com\/corporate\/nyheter\/varmlandsstrategin\/","title":{"rendered":"V\u00e4rmlandsstrategin"},"content":{"rendered":"\n<p>Den andra juni togs beslut i regionfullm\u00e4ktige om att anta den nya V\u00e4rmlandsstrategin 2040.Fyra insatsomr\u00e5den som ska g\u00f6ra skillnad prioriteras:<\/p>\n\n\n\n<ul class=\"wp-block-list\"><li>F\u00f6rb\u00e4ttra livsvillkoren<\/li><li>H\u00f6ja kompetensen<\/li><li>Utveckla attraktiva platser<\/li><li>St\u00e4rka konkurrenskraften<\/li><\/ul>\n\n\n\n<p>Den 8 ooktober planeras en digial konferens kring det fortsatta arbetet. Mer om V\u00e4rmlandsstrategin, handlingsplanen, hur den tagits fram och det fortsatta arbetet hittar du p\u00e5&nbsp;<a href=\"https:\/\/varmlandsstrategin.se\/\" target=\"_blank\" rel=\"noopener\">varmlandsstrategin.se<\/a>L\u00e4s&nbsp;<a href=\"https:\/\/www.idrelay.com\/v4_idrweb.asp?q=CA3C-7E3-E02C-7B\" target=\"_blank\" rel=\"noopener\">Region V\u00e4rmlands senaste utskick kring V\u00e4mlandsstrategin<\/a><\/p>\n","protected":false},"author":3,"featured_media":0,"template":"","class_list":["post-879","news","type-news","status-publish","hentry"],"acf":[],"lang":"sv","translations":{"sv":879},"pll_sync_post":[],"_links":{"self":[{"href":"https:\/\/www.visitvarmland.com\/corporate\/wp-json\/wp\/v2\/news\/879","targetHints":{"allow":["GET"]}}],"collection":[{"href":"https:\/\/www.visitvarmland.com\/corporate\/wp-json\/wp\/v2\/news"}],"about":[{"href":"https:\/\/www.visitvarmland.com\/corporate\/wp-json\/wp\/v2\/types\/news"}],"author":[{"embeddable":true,"href":"https:\/\/www.visitvarmland.com\/corporate\/wp-json\/wp\/v2\/users\/3"}],"wp:attachment":[{"href":"https:\/\/www.visitvarmland.com\/corporate\/wp-json\/wp\/v2\/media?parent=879"}],"curies":[{"name":"wp","href":"https:\/\/api.w.org\/{rel}","templated":true}]}}