{"id":882,"date":"2021-06-04T09:14:00","date_gmt":"2021-06-04T07:14:00","guid":{"rendered":"https:\/\/www.visitvarmland.com\/visitvarmland-org\/?post_type=news&#038;p=882"},"modified":"2024-06-03T17:47:13","modified_gmt":"2024-06-03T15:47:13","slug":"uteblivna-utlandsresor-kan-lyfta-svensk-turism-redan-i-ar","status":"publish","type":"news","link":"https:\/\/www.visitvarmland.com\/corporate\/nyheter\/uteblivna-utlandsresor-kan-lyfta-svensk-turism-redan-i-ar\/","title":{"rendered":"Uteblivna utlandsresor kan lyfta svensk turism redan i \u00e5r"},"content":{"rendered":"\n<p>Visit Swedens prognos visar att uteblivna utlandsresor kan lyfta svensk turism redan i \u00e5r.\u00a0Anledningen till den nu mer positiva prognosen f\u00f6r Sveriges del \u00e4r dels att Sverige har en relativt stor inhemsk turism som fortsatt finns kvar, \u00e4ven n\u00e4r f\u00e4rre utl\u00e4ndska bes\u00f6kare kommer hit.\u00a0Dels beror det \u00e4ven p\u00e5 att svenskar normalt sett \u00e4r flitiga utlandsresen\u00e4rer \u2013 n\u00e5got de inte kommer att vara i lika stor utstr\u00e4ckning i \u00e5r. M\u00e5nga kommer d\u00e4rf\u00f6r att turista p\u00e5 hemmaplan.<\/p>\n\n\n\n<div class=\"wp-block-atheme-component-action-button atheme-wrapper--action-button-single\"><a href=\"https:\/\/www.mynewsdesk.com\/se\/visitsweden\/pressreleases\/ny-prognos-uteblivna-utlandsresor-kan-lyfta-svensk-turism-redan-i-aar-3106114?utm_campaign=Alert&amp;utm_source=alert&amp;utm_medium=email\" target=\"_self\" class=\"a-action a-action--arrow\" rel=\"noopener\"><span>L\u00e4s mer h\u00e4r <\/span><\/a><\/div>\n","protected":false},"author":3,"featured_media":0,"template":"","class_list":["post-882","news","type-news","status-publish","hentry"],"acf":[],"lang":"sv","translations":{"sv":882},"pll_sync_post":[],"_links":{"self":[{"href":"https:\/\/www.visitvarmland.com\/corporate\/wp-json\/wp\/v2\/news\/882","targetHints":{"allow":["GET"]}}],"collection":[{"href":"https:\/\/www.visitvarmland.com\/corporate\/wp-json\/wp\/v2\/news"}],"about":[{"href":"https:\/\/www.visitvarmland.com\/corporate\/wp-json\/wp\/v2\/types\/news"}],"author":[{"embeddable":true,"href":"https:\/\/www.visitvarmland.com\/corporate\/wp-json\/wp\/v2\/users\/3"}],"wp:attachment":[{"href":"https:\/\/www.visitvarmland.com\/corporate\/wp-json\/wp\/v2\/media?parent=882"}],"curies":[{"name":"wp","href":"https:\/\/api.w.org\/{rel}","templated":true}]}}