{"id":883,"date":"2021-06-04T09:16:00","date_gmt":"2021-06-04T07:16:00","guid":{"rendered":"https:\/\/www.visitvarmland.com\/visitvarmland-org\/?post_type=news&#038;p=883"},"modified":"2024-06-03T17:47:13","modified_gmt":"2024-06-03T15:47:13","slug":"utokad-sasong-med-turbatarna-i-kristinehamn-i-sommar","status":"publish","type":"news","link":"https:\/\/www.visitvarmland.com\/corporate\/nyheter\/utokad-sasong-med-turbatarna-i-kristinehamn-i-sommar\/","title":{"rendered":"Ut\u00f6kad s\u00e4song med turb\u00e5tarna i Kristinehamn i Sommar"},"content":{"rendered":"\n<p><strong>De som l\u00e4ngtar ut i sk\u00e4rg\u00e5rden och \u00f6nskar fira midsommar p\u00e5 en \u00f6 har chans till det n\u00e4r turb\u00e5tss\u00e4songen ut\u00f6kas i Kristinehamn 2021. Redan under midsommarveckan den 22 juni startar turb\u00e5tarna, B\u00e5tbuss 95, 96 och St\u00f6ten att trafikera Kristinehamns sk\u00e4rg\u00e5rd. S\u00e4songen tidigarel\u00e4ggs med en vecka och f\u00f6rl\u00e4ngs med en vecka fram till 8 augusti j\u00e4mf\u00f6rt med fjol\u00e5ret.&nbsp;<\/strong><\/p>\n\n\n\n<p>Med turb\u00e5tarna kan Kristinehamnare och bes\u00f6kare \u00e5ka ut p\u00e5 V\u00e4nern och njuta av V\u00e5l\u00f6sundet, V\u00e5l\u00f6n, Kalv\u00f6n och Sibber\u00f6n, L\u00e5ng\u00f6n och Alv\u00f6n tisdagar till s\u00f6ndagar mellan 22 juni och 8 augusti.&nbsp;En nyhet f\u00f6r i sommar \u00e4r att Kristinehamns egen tr\u00e4b\u00e5t St\u00f6ten l\u00e4gger till ett stopp p\u00e5 Kalv\u00f6n, ut\u00f6ver de traditionella turerna till V\u00e5l\u00f6n. Fr\u00e5n Kalv\u00f6n g\u00e5r en fin vandringsled vidare ut mot Sibber\u00f6n eller till de popul\u00e4ra badplatserna vid Sandvikarna p\u00e5 V\u00e5l\u00f6n. \u00d6arna \u00e4r sammanl\u00e4nkade med g\u00e5ngbroar och V\u00e4nervyerna \u00e4r storslagna.&nbsp;<\/p>\n\n\n\n<p>St\u00f6ten g\u00e5r fr\u00e5n Mastmagasinet, G\u00e4sthamnen, Herrg\u00e5rdscampingen och V\u00e5l\u00f6sundsbryggan ut till Kristinehamns st\u00f6rsta \u00f6 V\u00e5l\u00f6n samt Kalv\u00f6n. B\u00e5tbuss 95 g\u00e5r fr\u00e5n V\u00e5l\u00f6sundsbryggan till Inre hamn i Karlstad varje tisdag, fredag och l\u00f6rdag under sommaren. P\u00e5 turen stannar \u00e4ven b\u00e5ten till vid Kristinehamns\u00f6arna Alv\u00f6n och L\u00e5ng\u00f6n samt vid L\u00f6vn\u00e4s p\u00e5 Hammar\u00f6. Onsdagar, torsdagar och s\u00f6ndagar kan du ta B\u00e5tbuss 96 till solbadar\u00f6arna Alv\u00f6n och L\u00e5ng\u00f6n. Kliv p\u00e5 b\u00e5ten vid V\u00e5l\u00f6sundsbryggan, Kristinehamns Herrg\u00e5rdscamping eller Kristinehamns G\u00e4sthamn.<\/p>\n\n\n\n<p>K\u00e4lla Visit Kristinehamn<\/p>\n","protected":false},"author":3,"featured_media":0,"template":"","class_list":["post-883","news","type-news","status-publish","hentry"],"acf":[],"lang":"sv","translations":{"sv":883},"pll_sync_post":[],"_links":{"self":[{"href":"https:\/\/www.visitvarmland.com\/corporate\/wp-json\/wp\/v2\/news\/883","targetHints":{"allow":["GET"]}}],"collection":[{"href":"https:\/\/www.visitvarmland.com\/corporate\/wp-json\/wp\/v2\/news"}],"about":[{"href":"https:\/\/www.visitvarmland.com\/corporate\/wp-json\/wp\/v2\/types\/news"}],"author":[{"embeddable":true,"href":"https:\/\/www.visitvarmland.com\/corporate\/wp-json\/wp\/v2\/users\/3"}],"wp:attachment":[{"href":"https:\/\/www.visitvarmland.com\/corporate\/wp-json\/wp\/v2\/media?parent=883"}],"curies":[{"name":"wp","href":"https:\/\/api.w.org\/{rel}","templated":true}]}}