{"id":884,"date":"2021-06-02T09:20:00","date_gmt":"2021-06-02T07:20:00","guid":{"rendered":"https:\/\/www.visitvarmland.com\/visitvarmland-org\/?post_type=news&#038;p=884"},"modified":"2024-06-03T17:47:13","modified_gmt":"2024-06-03T15:47:13","slug":"stark-uppgang-for-husvagnsregistreringar","status":"publish","type":"news","link":"https:\/\/www.visitvarmland.com\/corporate\/nyheter\/stark-uppgang-for-husvagnsregistreringar\/","title":{"rendered":"Stark uppg\u00e5ng f\u00f6r husvagnsregistreringar"},"content":{"rendered":"\n<p>Husvagnsregistreringarna forts\u00e4tter att visa p\u00e5 en stark uppg\u00e5ng \u2013 n\u00e4ra 31 procent efter maj m\u00e5nads utg\u00e5ng.\u00a0Information fr\u00e5n Husvagnsbranschens riksf\u00f6rbund om\u00a0<a href=\"http:\/\/www.visitvarmland.org\/sites\/default\/files\/Filer\/2021_05_registreringar.pdf\" target=\"_blank\" rel=\"noopener\">husvagnssiffrorna hittar du h\u00e4r.<\/a><\/p>\n","protected":false},"author":3,"featured_media":0,"template":"","class_list":["post-884","news","type-news","status-publish","hentry"],"acf":[],"lang":"sv","translations":{"sv":884},"pll_sync_post":[],"_links":{"self":[{"href":"https:\/\/www.visitvarmland.com\/corporate\/wp-json\/wp\/v2\/news\/884","targetHints":{"allow":["GET"]}}],"collection":[{"href":"https:\/\/www.visitvarmland.com\/corporate\/wp-json\/wp\/v2\/news"}],"about":[{"href":"https:\/\/www.visitvarmland.com\/corporate\/wp-json\/wp\/v2\/types\/news"}],"author":[{"embeddable":true,"href":"https:\/\/www.visitvarmland.com\/corporate\/wp-json\/wp\/v2\/users\/3"}],"wp:attachment":[{"href":"https:\/\/www.visitvarmland.com\/corporate\/wp-json\/wp\/v2\/media?parent=884"}],"curies":[{"name":"wp","href":"https:\/\/api.w.org\/{rel}","templated":true}]}}