{"id":885,"date":"2021-06-02T09:20:00","date_gmt":"2021-06-02T07:20:00","guid":{"rendered":"https:\/\/www.visitvarmland.com\/visitvarmland-org\/?post_type=news&#038;p=885"},"modified":"2024-06-03T17:47:13","modified_gmt":"2024-06-03T15:47:13","slug":"nytt-projekt-till-visit-varmland-innovationsarenor-besoksnaringen","status":"publish","type":"news","link":"https:\/\/www.visitvarmland.com\/corporate\/nyheter\/nytt-projekt-till-visit-varmland-innovationsarenor-besoksnaringen\/","title":{"rendered":"Nytt projekt till Visit V\u00e4rmland: Innovationsarenor Bes\u00f6ksn\u00e4ringen"},"content":{"rendered":"\n<p>Regionala utvecklingsn\u00e4mnden har beviljat 4,5 miljoner kronor till projektet Innovationsarenor Bes\u00f6ksn\u00e4ring som ska drivas av Visit V\u00e4rmland under \u00e5ren 2021\u20132023.&nbsp;<\/p>\n\n\n\n<p>Projektet ska bidra till att st\u00e4rka bes\u00f6ksn\u00e4ringens konkurrenskraft och m\u00e5let \u00e4r att f\u00f6retag inom bes\u00f6ksn\u00e4ringen ska \u00f6ka sin innovationskraft och omst\u00e4llningsf\u00f6rm\u00e5ga n\u00e4r det kommer till digitala och gr\u00f6na omst\u00e4llningar.<\/p>\n\n\n\n<div class=\"wp-block-atheme-component-action-button atheme-wrapper--action-button-single\"><a href=\"https:\/\/www.regionvarmland.se\/om-regionen\/pressrum\/Pressmeddelanden\/2021\/06\/nu-kraftsamlar-vi-for-vastra-varmland\/#wrapper\" target=\"_self\" class=\"a-action a-action--arrow\" rel=\"noopener\"><span>L\u00e4s mer <\/span><\/a><\/div>\n","protected":false},"author":3,"featured_media":0,"template":"","class_list":["post-885","news","type-news","status-publish","hentry"],"acf":[],"lang":"sv","translations":{"sv":885},"pll_sync_post":[],"_links":{"self":[{"href":"https:\/\/www.visitvarmland.com\/corporate\/wp-json\/wp\/v2\/news\/885","targetHints":{"allow":["GET"]}}],"collection":[{"href":"https:\/\/www.visitvarmland.com\/corporate\/wp-json\/wp\/v2\/news"}],"about":[{"href":"https:\/\/www.visitvarmland.com\/corporate\/wp-json\/wp\/v2\/types\/news"}],"author":[{"embeddable":true,"href":"https:\/\/www.visitvarmland.com\/corporate\/wp-json\/wp\/v2\/users\/3"}],"wp:attachment":[{"href":"https:\/\/www.visitvarmland.com\/corporate\/wp-json\/wp\/v2\/media?parent=885"}],"curies":[{"name":"wp","href":"https:\/\/api.w.org\/{rel}","templated":true}]}}