{"id":886,"date":"2021-06-02T09:23:00","date_gmt":"2021-06-02T07:23:00","guid":{"rendered":"https:\/\/www.visitvarmland.com\/visitvarmland-org\/?post_type=news&#038;p=886"},"modified":"2024-06-03T17:47:13","modified_gmt":"2024-06-03T15:47:13","slug":"886","status":"publish","type":"news","link":"https:\/\/www.visitvarmland.com\/corporate\/nyheter\/886\/","title":{"rendered":""},"content":{"rendered":"\n<p>Nu \u00f6ppnar Arvika utvecklingskontor \u202ff\u00f6r att bidra till omst\u00e4llning i v\u00e4stra V\u00e4rmland. Kontoret \u00e4r resultatet av ett samarbete mellan Region V\u00e4rmland, L\u00e4nsstyrelsen V\u00e4rmland, Visit V\u00e4rmland och kommunerna Eda, Torsby, Arvika och \u00c5rj\u00e4ng.\u202f\u202f<\/p>\n\n\n\n<div class=\"wp-block-atheme-component-action-button atheme-wrapper--action-button-single\"><a href=\"https:\/\/www.regionvarmland.se\/om-regionen\/pressrum\/Pressmeddelanden\/2021\/06\/nu-kraftsamlar-vi-for-vastra-varmland\/#wrapper\" target=\"_self\" class=\"a-action a-action--arrow\" rel=\"noopener\"><span>L\u00e4s mer om projektet<\/span><\/a><\/div>\n\n\n\n<p>Utvecklingskontoret beviljades projektmedel p\u00e5 sammanlagt sju miljoner kronor vid\u202fden regionala utvecklingsn\u00e4mndens sammantr\u00e4de\u202funder tisdagen. De fyra kommunerna bidrar tillsammans med 2,2 miljoner kronor. Europeiska regionala utvecklingsfonden skjuter till 4,8 miljoner kronor, vilket dock \u00e4r ett beslut som slutgiltigt ska fattas av Strukturfondspartnerskapet Norra Mellansverige.<\/p>\n\n\n\n<p>Syftet \u00e4r att st\u00e4rka\u202futvecklingen\u202fi v\u00e4stra V\u00e4rmland genom att bidra till l\u00e5ngsiktig, h\u00e5llbar utveckling och snabbare \u00e5terh\u00e4mtning efter pandemin.\u202fUtvecklingskontoret\u202fkommer\u202ferbjuda insatser f\u00f6r\u202findividuell omst\u00e4llning, omst\u00e4llning i n\u00e4ringslivet och\u202fplatsutveckling.\u202f<\/p>\n\n\n\n<p>De fyra gr\u00e4nskommunerna Eda, Torsby, Arvika och\u202f\u00c5rj\u00e4ng gick samman med Region V\u00e4rmland\u202foch L\u00e4nsstyrelsen V\u00e4rmland\u202fmed anledning av pandemins p\u00e5verkan p\u00e5 det lokala n\u00e4ringslivet.\u202fDen st\u00e4ngda gr\u00e4nsen har\u202fmedf\u00f6rt stora konsekvenser f\u00f6r m\u00e4nniskor och den lokala ekonomin. \u00c5r 2019 bidrog till exempel gr\u00e4nshandeln i V\u00e4rmland med 1,6 miljarder bara i skatteint\u00e4kter, int\u00e4kter\u202fsom i princip helt har uteblivit sedan gr\u00e4nsen mot Norge st\u00e4ngdes i mars 2020.\u202f\u202f<\/p>\n\n\n\n<h1 class=\"wp-block-heading\">PROJEKTLEDARE &#8211; ARVIKA N\u00c4RINGSLIVSCENTRUM OCH VISIT V\u00c4RMLAND<\/h1>\n\n\n\n<h5 class=\"wp-block-heading\">Vi s\u00f6ker projektledare som vill driva uppdraget om att \u00f6ka plats- och aff\u00e4rsutvecklingen i v\u00e4stra V\u00e4rmland!<\/h5>\n\n\n\n<div class=\"wp-block-atheme-component-action-button atheme-wrapper--action-button-single\"><a href=\"https:\/\/testhuset.teamtailor.com\/jobs\/1203941-projektledare-arvika-naringslivscentrum-och-visit-varmland\" target=\"_self\" class=\"a-action a-action--arrow\" rel=\"noopener\"><span>L\u00e4s mer om projektledarrollen och ans\u00f6k<\/span><\/a><\/div>\n","protected":false},"author":3,"featured_media":0,"template":"","class_list":["post-886","news","type-news","status-publish","hentry"],"acf":[],"lang":"sv","translations":{"sv":886},"pll_sync_post":[],"_links":{"self":[{"href":"https:\/\/www.visitvarmland.com\/corporate\/wp-json\/wp\/v2\/news\/886","targetHints":{"allow":["GET"]}}],"collection":[{"href":"https:\/\/www.visitvarmland.com\/corporate\/wp-json\/wp\/v2\/news"}],"about":[{"href":"https:\/\/www.visitvarmland.com\/corporate\/wp-json\/wp\/v2\/types\/news"}],"author":[{"embeddable":true,"href":"https:\/\/www.visitvarmland.com\/corporate\/wp-json\/wp\/v2\/users\/3"}],"wp:attachment":[{"href":"https:\/\/www.visitvarmland.com\/corporate\/wp-json\/wp\/v2\/media?parent=886"}],"curies":[{"name":"wp","href":"https:\/\/api.w.org\/{rel}","templated":true}]}}