{"id":888,"date":"2021-06-02T09:25:00","date_gmt":"2021-06-02T07:25:00","guid":{"rendered":"https:\/\/www.visitvarmland.com\/visitvarmland-org\/?post_type=news&#038;p=888"},"modified":"2024-06-03T17:47:13","modified_gmt":"2024-06-03T15:47:13","slug":"regeringens-arbete-med-turism-och-besoksnaring","status":"publish","type":"news","link":"https:\/\/www.visitvarmland.com\/corporate\/nyheter\/regeringens-arbete-med-turism-och-besoksnaring\/","title":{"rendered":"Regeringens arbete med turism och bes\u00f6ksn\u00e4ring"},"content":{"rendered":"\n<p>Sveriges attraktionskraft som bes\u00f6ksdestination \u00e4r en viktig fr\u00e5ga f\u00f6r regeringen. F\u00f6r f\u00f6rsta g\u00e5ngen tas en nationell strategi f\u00f6r en h\u00e5llbar turism och bes\u00f6ksn\u00e4ring fram. Med strategin vill regeringen skapa l\u00e5ngsiktiga f\u00f6ruts\u00e4ttningar f\u00f6r en h\u00e5llbar v\u00e4xande bes\u00f6ksn\u00e4ring som har en sj\u00e4lvklar roll som export-, jobb- och integrationsmotor i v\u00e5rt land. Strategin ska peka ut riktningen f\u00f6r den fortsatta politiken inom omr\u00e5det och g\u00e4lla fram till 2030.<\/p>\n\n\n\n<div class=\"wp-block-atheme-component-action-button atheme-wrapper--action-button-single\"><a href=\"https:\/\/www.regeringen.se\/artiklar\/2019\/07\/regeringens-arbete-med-turism--och-besoksnaring\/\" target=\"_self\" class=\"a-action a-action--arrow\" rel=\"noopener\"><span>L\u00e4s mer om detta viktiga uppdrag<\/span><\/a><\/div>\n","protected":false},"author":3,"featured_media":0,"template":"","class_list":["post-888","news","type-news","status-publish","hentry"],"acf":[],"lang":"sv","translations":{"sv":888},"pll_sync_post":[],"_links":{"self":[{"href":"https:\/\/www.visitvarmland.com\/corporate\/wp-json\/wp\/v2\/news\/888","targetHints":{"allow":["GET"]}}],"collection":[{"href":"https:\/\/www.visitvarmland.com\/corporate\/wp-json\/wp\/v2\/news"}],"about":[{"href":"https:\/\/www.visitvarmland.com\/corporate\/wp-json\/wp\/v2\/types\/news"}],"author":[{"embeddable":true,"href":"https:\/\/www.visitvarmland.com\/corporate\/wp-json\/wp\/v2\/users\/3"}],"wp:attachment":[{"href":"https:\/\/www.visitvarmland.com\/corporate\/wp-json\/wp\/v2\/media?parent=888"}],"curies":[{"name":"wp","href":"https:\/\/api.w.org\/{rel}","templated":true}]}}