{"id":889,"date":"2021-05-27T09:28:00","date_gmt":"2021-05-27T07:28:00","guid":{"rendered":"https:\/\/www.visitvarmland.com\/visitvarmland-org\/?post_type=news&#038;p=889"},"modified":"2024-06-03T17:47:14","modified_gmt":"2024-06-03T15:47:14","slug":"avveckling-av-pandemirestriktionerna-har-paborjats","status":"publish","type":"news","link":"https:\/\/www.visitvarmland.com\/corporate\/nyheter\/avveckling-av-pandemirestriktionerna-har-paborjats\/","title":{"rendered":"Avveckling av pandemirestriktionerna har p\u00e5b\u00f6rjats!"},"content":{"rendered":"\n<p>Idag 1 juni inleds steg ett i den plan regeringen presenterat f\u00f6r att avveckla pandemirestriktionerna. H\u00e4r hittar du en sammanfattning av den plan som regeringen antagit:<\/p>\n\n\n\n<p>Hos folkh\u00e4lsomyndigheten hittar du aktuell information p\u00e5 f\u00f6ljande l\u00e4nkar:<\/p>\n\n\n\n<p><a href=\"https:\/\/www.folkhalsomyndigheten.se\/smittskydd-beredskap\/utbrott\/aktuella-utbrott\/covid-19\/skydda-dig-och-andra\/anpassning-av-atgarder-mot-spridning-av-covid-19\/\" target=\"_blank\" rel=\"noopener\">Anpassning av \u00e5tg\u00e4rder mot spridning av covid-19 \u2014 Folkh\u00e4lsomyndigheten (folkhalsomyndigheten.se)<\/a><\/p>\n\n\n\n<p><a href=\"https:\/\/www.folkhalsomyndigheten.se\/smittskydd-beredskap\/utbrott\/aktuella-utbrott\/covid-19\/skydda-dig-och-andra\/max-antal-deltagare-i-sammankomster-och-i-olika-lokaler\/\" target=\"_blank\" rel=\"noopener\">Max antal deltagare i sammankomster och i olika lokaler \u2014 Folkh\u00e4lsomyndigheten (folkhalsomyndigheten.se)<\/a><\/p>\n\n\n\n<p><a href=\"https:\/\/www.folkhalsomyndigheten.se\/smittskydd-beredskap\/utbrott\/aktuella-utbrott\/covid-19\/fragor-och-svar\/\" target=\"_blank\" rel=\"noopener\">Fr\u00e5gor och svar om covid-19 (coronavirus) \u2014 Folkh\u00e4lsomyndigheten (folkhalsomyndigheten.se)<\/a><\/p>\n\n\n\n<p>Mer information hittar du h\u00e4r:<\/p>\n\n\n\n<p><a href=\"https:\/\/www.regeringen.se\/\" target=\"_blank\" rel=\"noopener\">regeringen.se<\/a><\/p>\n\n\n\n<p><a href=\"https:\/\/www.regionvarmland.se\/\" target=\"_blank\" rel=\"noopener\">regionvarmland.se<\/a><\/p>\n\n\n\n<p><a href=\"https:\/\/www.lansstyrelsen.se\/varmland.html\" target=\"_blank\" rel=\"noopener\">lansstyrelsen.se<\/a><\/p>\n\n\n\n<p><a href=\"https:\/\/www.krisinformation.se\/\" target=\"_blank\" rel=\"noopener\">krisinformation.se<\/a><\/p>\n\n\n\n<div class=\"wp-block-atheme-component-action-button atheme-wrapper--action-button-single\"><a href=\"https:\/\/www.visitvarmland.org\/sv\/regeringen-har-presenterat-sin-plan-avveckling-av-restriktioner\" target=\"_self\" class=\"a-action a-action--arrow\" rel=\"noopener\"><span>Till sammanfattningen<\/span><\/a><\/div>\n","protected":false},"author":3,"featured_media":0,"template":"","class_list":["post-889","news","type-news","status-publish","hentry"],"acf":[],"lang":"sv","translations":{"sv":889},"pll_sync_post":[],"_links":{"self":[{"href":"https:\/\/www.visitvarmland.com\/corporate\/wp-json\/wp\/v2\/news\/889","targetHints":{"allow":["GET"]}}],"collection":[{"href":"https:\/\/www.visitvarmland.com\/corporate\/wp-json\/wp\/v2\/news"}],"about":[{"href":"https:\/\/www.visitvarmland.com\/corporate\/wp-json\/wp\/v2\/types\/news"}],"author":[{"embeddable":true,"href":"https:\/\/www.visitvarmland.com\/corporate\/wp-json\/wp\/v2\/users\/3"}],"wp:attachment":[{"href":"https:\/\/www.visitvarmland.com\/corporate\/wp-json\/wp\/v2\/media?parent=889"}],"curies":[{"name":"wp","href":"https:\/\/api.w.org\/{rel}","templated":true}]}}