{"id":891,"date":"2021-05-28T09:57:00","date_gmt":"2021-05-28T07:57:00","guid":{"rendered":"https:\/\/www.visitvarmland.com\/visitvarmland-org\/?post_type=news&#038;p=891"},"modified":"2024-06-03T17:47:13","modified_gmt":"2024-06-03T15:47:13","slug":"whats-nxt-unga-efter-krisen","status":"publish","type":"news","link":"https:\/\/www.visitvarmland.com\/corporate\/nyheter\/whats-nxt-unga-efter-krisen\/","title":{"rendered":"What&#8217;s NXT: Unga efter krisen"},"content":{"rendered":"\n<p><strong>Generation Z har vuxit upp under en turbulent och omv\u00e4lvande tid \u2013 och alltj\u00e4mt stormar det omkring dem. De som \u00e4r f\u00f6dda runt millennieskiftet har nu kommit ut i vuxenlivet, vana vid en \u00e5ngestfylld och orov\u00e4ckande v\u00e4rld p\u00e5 stadig marsch mot katastrofal klimatunderg\u00e5ng (\u00e5tminstone om man ska tro de unga sj\u00e4lva) och omgivna av en global pandemi. Men vad h\u00e4nder med generationen efter dem? Hur p\u00e5verkas man av att ge sig ut i vuxenlivet inte under, utan&nbsp;<em>efter&nbsp;<\/em>krisen?&nbsp;<\/strong><\/p>\n\n\n\n<p>Vi kan f\u00f6rst\u00e5s inte veta n\u00e4r covid-19 \u00e4r \u00f6ver, eller vilka kriser eller katastrofer som f\u00f6ljer. Tiderna \u00e4r omv\u00e4lvande just nu, och det \u00e4r oklokt att uttala sig om n\u00e4r vi ser det nya normala etablera sig. Men det \u00e4r likv\u00e4l sant att m\u00e5nga f\u00e5tt sitt liv omkullkastat av krisen, medan de som \u00e4r yngre och inte \u00e4nnu etablerat sig inte sl\u00e5s lika h\u00e5rt ur sin bana, som fortfarande \u00e4r p\u00e5 v\u00e4g att stakas ut.<\/p>\n\n\n\n<p>De som \u00e4r under 21 idag \u00e4r svansen p\u00e5 Generation Z \u2013 f\u00f6dda fr\u00e5n millennieskiftet och fram\u00e5t. De \u00e4r oroliga f\u00f6r framtiden, ganska pessimistiska, och oroar sig f\u00f6r klimatet, men \u00e4r samtidigt mer optimistiska p\u00e5 n\u00e5gra fronter \u00e4n vad tidigare generationer var i samma \u00e5lder. Kanske ett tecken p\u00e5 det framtidsforskarna William Strauss och Neil Howe beskrev som en \u201dkonstn\u00e4rlig generation\u201d, en generation som f\u00f6ds in i sv\u00e5righeter men som just p\u00e5 grund av detta blir kraftiga kulturb\u00e4rare in i framtiden \u2013 inte r\u00e4dda f\u00f6r att st\u00f6pa om samh\u00e4llsklimatet och skapa den v\u00e4rld de \u00f6nskar sig n\u00e4r dammet v\u00e4l lagt sig. De \u00e4r unga n\u00e4r \u00e4ldre generationer tacklar krisen, och har inte mycket makt \u00f6ver den \u2013 men de gl\u00f6mmer den aldrig, och kommer med s\u00e4kerhet forma hur framtidens Sverige ter sig ut.&nbsp;<\/p>\n\n\n\n<p><a href=\"https:\/\/email.kairosfuture.com\/e2t\/tc\/VW-PQH3pRNHnW2rCKDB141ChhW1TDTHt4s5-4DMZjDXm3p_b1V1-WJV7CgW_1W2vYwty4Rs2WnW94C3KP7CFwL_W5TVWcX3_BZPGW901__n1w3rXcW7m7G_F4_3g6fW1pSMfF2DMfN9W4hdQs54PtzLFW5ctgQ42jtPp3VZGk4w6lGyd0W7JWYGQ2V_TF4W3zNzT57CtCcRW69X2LH4PnQ0LW2r9dqB67j-gbN9d5yPM5nLzpW7y0mRc318PwmW5PwjzY6W3QZFW6P-mB_86Ynr3V24pPr5_bhkvW4FKVp74lj7VKW2R8W1F8pCJ0tW8fPQDP2zn0S9W17lkJQ7CQfxyW20MlJY1lcBtDW1D-F4S1tqtwlW5ZFDhs9jt43PW1rhfxR3M6Z8FW1Rv71X5BhZ84N3g_tk9Ycf3hV3TGQJ7X0lVdW30zL2X35p0Qf3hqs1\" rel=\"noreferrer noopener\" target=\"_blank\">L\u00e4s hela artikeln h\u00e4r.<\/a><\/p>\n","protected":false},"author":3,"featured_media":0,"template":"","class_list":["post-891","news","type-news","status-publish","hentry"],"acf":[],"lang":"sv","translations":{"sv":891},"pll_sync_post":[],"_links":{"self":[{"href":"https:\/\/www.visitvarmland.com\/corporate\/wp-json\/wp\/v2\/news\/891","targetHints":{"allow":["GET"]}}],"collection":[{"href":"https:\/\/www.visitvarmland.com\/corporate\/wp-json\/wp\/v2\/news"}],"about":[{"href":"https:\/\/www.visitvarmland.com\/corporate\/wp-json\/wp\/v2\/types\/news"}],"author":[{"embeddable":true,"href":"https:\/\/www.visitvarmland.com\/corporate\/wp-json\/wp\/v2\/users\/3"}],"wp:attachment":[{"href":"https:\/\/www.visitvarmland.com\/corporate\/wp-json\/wp\/v2\/media?parent=891"}],"curies":[{"name":"wp","href":"https:\/\/api.w.org\/{rel}","templated":true}]}}