{"id":892,"date":"2021-05-27T10:01:00","date_gmt":"2021-05-27T08:01:00","guid":{"rendered":"https:\/\/www.visitvarmland.com\/visitvarmland-org\/?post_type=news&#038;p=892"},"modified":"2024-06-03T17:47:14","modified_gmt":"2024-06-03T15:47:14","slug":"regeringen-har-presenterat-sin-plan-for-avveckling-restriktioner","status":"publish","type":"news","link":"https:\/\/www.visitvarmland.com\/corporate\/nyheter\/regeringen-har-presenterat-sin-plan-for-avveckling-restriktioner\/","title":{"rendered":"Regeringen har presenterat sin plan f\u00f6r avveckling restriktioner"},"content":{"rendered":"\n<p>Nu kan vi se fram emot en sommar som stegvis blir mer och mer \u201dnormal\u201d. Idag presenterade Regeringen sin plan f\u00f6r avveckling av restriktioner. Det finns fortfarande ett h\u00f6gt antal fall, men en nationell nedg\u00e5ng. Smittskydds\u00e5tg\u00e4rderna g\u00e4ller fortfarande men vi kan blicka fram\u00e5t och planen inneb\u00e4r att l\u00e4ttnaderna kommer att inf\u00f6ras i fem olika steg.<\/p>\n\n\n\n<div class=\"wp-block-atheme-component-action-button atheme-wrapper--action-button-single\"><a href=\"https:\/\/www.regeringen.se\/regeringens-politik\/regeringens-arbete-med-coronapandemin\/regeringens-plan-for-avveckling-av-restriktioner\" target=\"_self\" class=\"a-action a-action--arrow\" rel=\"noopener\"><span>Regeringens  plan <\/span><\/a><\/div>\n\n\n\n<p><a href=\"https:\/\/www.regeringen.se\/regeringens-politik\/regeringens-arbete-med-coronapandemin\/regeringens-plan-for-avveckling-av-restriktioner\" target=\"_blank\" rel=\"noopener\"><strong>Steg 1 \u2013 fr\u00e5n 1 juni<\/strong><\/a><\/p>\n\n\n\n<ul class=\"wp-block-list\"><li>Nya deltagarbegr\u00e4nsningar f\u00f6r allm\u00e4nna sammankomster och offentliga tillst\u00e4llningar b\u00f6rjar att g\u00e4lla. F\u00f6r arrangemang inomhus med anvisade sittplatser h\u00f6js taket till 50 deltagare. F\u00f6r arrangemang inomhus utan anvisade sittplatser \u00e4r begr\u00e4nsningen fortsatt \u00e5tta deltagare.&nbsp;<\/li><li>F\u00f6r arrangemang utomhus med anvisade sittplatser h\u00f6js antalet till 500 deltagare. F\u00f6r arrangemang utomhus utan anvisade sittplatser h\u00f6js taket till 100 personer.<\/li><li>S\u00e4rskilda regler f\u00f6r idrott och t\u00e4vlingsarrangemang utomhus, exempelvis motionslopp, inf\u00f6rs och inneb\u00e4r att deltagarantalet h\u00f6js till 150 deltagare.<\/li><li>Folkh\u00e4lsomyndigheten kommer ha m\u00f6jlighet att besluta om s\u00e4nkta deltagartak regionalt.<\/li><li>Marknader och n\u00f6jesparker kan \u00f6ppna, men med krav p\u00e5 smittskydds\u00e5tg\u00e4rder.<\/li><li>L\u00e4gerverksamheter f\u00f6r barn och ungdomar till\u00e5ts i mindre skala.<\/li><li>Restauranger f\u00f6resl\u00e5s f\u00e5 h\u00e5lla \u00f6ppet till klockan 22.30. Alkoholservering kommer till\u00e5tas till klockan 22.00.<\/li><\/ul>\n\n\n\n<p><strong>Steg 2 fr\u00e5n 1 juli:<\/strong><\/p>\n\n\n\n<ul class=\"wp-block-list\"><li>Fler deltagare p\u00e5 allm\u00e4nna sammankomster och offentliga tillst\u00e4llningar.&nbsp;Taket f\u00f6r antalet deltagare p\u00e5 allm\u00e4nna sammankomster och offentliga tillst\u00e4llningar inomhus att h\u00f6jas till 50 personer. Om deltagarna anvisas en sittplats kan taket h\u00f6jas till 300 personer<\/li><li>P\u00e5 arrangemang utomhus utan anvisad sittplats kan 600 personer delta. P\u00e5 arrangemang med sittplats \u00e4r deltagartaket 3000 personer<\/li><li>Motionslopp kan ha 900 ut\u00f6vare<\/li><\/ul>\n\n\n\n<ul class=\"wp-block-list\"><li>Maxantal f\u00f6r privata sammankomster h\u00f6js fr\u00e5n 8 till max 50<\/li><li>R\u00e5det om att endast umg\u00e5s med n\u00e4rmsta kretsen tas bort<\/li><li>R\u00e5det till f\u00f6reningar om att st\u00e4lla in, skjuta upp eller genomf\u00f6ra m\u00f6ten, st\u00e4mmor m.m. p\u00e5 distans, l\u00e4ttas upp.<\/li><li>Serveringsst\u00e4llens \u00f6ppettider f\u00f6rl\u00e4ngs ytterligare. Regler f\u00f6r maxantal per s\u00e4llskap och avst\u00e5nd mellan s\u00e4llskap tas bort f\u00f6r servering utomhus<\/li><li>Till\u00e5tet att servera mat och dryck till st\u00e5ende utomhus<\/li><\/ul>\n\n\n\n<p><strong>Steg 3 \u2013 prelimin\u00e4rt 15 juli:<\/strong><\/p>\n\n\n\n<ul class=\"wp-block-list\"><li>Reglering om passagerarbegr\u00e4nsningar f\u00f6r l\u00e5ngv\u00e4ga kollektivtrafik med t\u00e5g och buss tas bort<\/li><li>Kommunernas m\u00f6jlighet att besluta om vistelsef\u00f6rbud p\u00e5 s\u00e4rskilt angivna platser upph\u00e4vs<\/li><li>R\u00e5det om munskydd i kollektivtrafiken tas bort<\/li><li>Reglering om kvm\/person i inom- och utomhusmilj\u00f6er tas bort, tr\u00e4ngsel ska fortsatt undvikas<\/li><\/ul>\n\n\n\n<p><strong>Steg 4- prelimin\u00e4rt i september:<\/strong><\/p>\n\n\n\n<ul class=\"wp-block-list\"><li>Deltagarbegr\u00e4nsningar f\u00f6r allm\u00e4nna sammankomster och offentliga tillst\u00e4llningar tas bort<\/li><li>Begr\u00e4nsningarna f\u00f6r privata sammankomster tas bort<\/li><li>Reglering p\u00e5 serveringsst\u00e4llen inomhus tas bort<\/li><\/ul>\n\n\n\n<p><strong>Steg 5 \u2013 ikrafttr\u00e4dande fastst\u00e4lls senare:<\/strong><\/p>\n\n\n\n<ul class=\"wp-block-list\"><li>Kvarvarande restriktioner lyfts<\/li><\/ul>\n\n\n\n<p><em>&nbsp;Med reservation f\u00f6r ev felskrivningar. K\u00e4lla se presskonferens via regeringen.se<\/em><\/p>\n","protected":false},"author":3,"featured_media":0,"template":"","class_list":["post-892","news","type-news","status-publish","hentry"],"acf":[],"lang":"sv","translations":{"sv":892},"pll_sync_post":[],"_links":{"self":[{"href":"https:\/\/www.visitvarmland.com\/corporate\/wp-json\/wp\/v2\/news\/892","targetHints":{"allow":["GET"]}}],"collection":[{"href":"https:\/\/www.visitvarmland.com\/corporate\/wp-json\/wp\/v2\/news"}],"about":[{"href":"https:\/\/www.visitvarmland.com\/corporate\/wp-json\/wp\/v2\/types\/news"}],"author":[{"embeddable":true,"href":"https:\/\/www.visitvarmland.com\/corporate\/wp-json\/wp\/v2\/users\/3"}],"wp:attachment":[{"href":"https:\/\/www.visitvarmland.com\/corporate\/wp-json\/wp\/v2\/media?parent=892"}],"curies":[{"name":"wp","href":"https:\/\/api.w.org\/{rel}","templated":true}]}}