{"id":893,"date":"2021-05-27T10:02:00","date_gmt":"2021-05-27T08:02:00","guid":{"rendered":"https:\/\/www.visitvarmland.com\/visitvarmland-org\/?post_type=news&#038;p=893"},"modified":"2024-06-03T17:47:14","modified_gmt":"2024-06-03T15:47:14","slug":"ljusning-i-besoksnaringen-overnattningarna-okar","status":"publish","type":"news","link":"https:\/\/www.visitvarmland.com\/corporate\/nyheter\/ljusning-i-besoksnaringen-overnattningarna-okar\/","title":{"rendered":"Ljusning i bes\u00f6ksn\u00e4ringen &#8211; \u00f6vernattningarna \u00f6kar"},"content":{"rendered":"\n<p>Januari och februari var nattsvarta men under mars \u00f6kade \u00f6vernattningarna i V\u00e4rmland med drygt 12 procent j\u00e4mf\u00f6rt med mars 2020. Och just nu p\u00e5 en presskonferens meddelar regeringen om l\u00e4ttnader i restriktionerna. Vi \u00e5terkommer med information om det!Tills dess kan du ta del av dagens inslag i SVT d\u00e4r Mia Landin ber\u00e4ttar mer om den hoppfulla sommaren 2021.<\/p>\n","protected":false},"author":3,"featured_media":0,"template":"","class_list":["post-893","news","type-news","status-publish","hentry"],"acf":[],"lang":"sv","translations":{"sv":893},"pll_sync_post":[],"_links":{"self":[{"href":"https:\/\/www.visitvarmland.com\/corporate\/wp-json\/wp\/v2\/news\/893","targetHints":{"allow":["GET"]}}],"collection":[{"href":"https:\/\/www.visitvarmland.com\/corporate\/wp-json\/wp\/v2\/news"}],"about":[{"href":"https:\/\/www.visitvarmland.com\/corporate\/wp-json\/wp\/v2\/types\/news"}],"author":[{"embeddable":true,"href":"https:\/\/www.visitvarmland.com\/corporate\/wp-json\/wp\/v2\/users\/3"}],"wp:attachment":[{"href":"https:\/\/www.visitvarmland.com\/corporate\/wp-json\/wp\/v2\/media?parent=893"}],"curies":[{"name":"wp","href":"https:\/\/api.w.org\/{rel}","templated":true}]}}