{"id":899,"date":"2021-05-17T10:14:00","date_gmt":"2021-05-17T08:14:00","guid":{"rendered":"https:\/\/www.visitvarmland.com\/visitvarmland-org\/?post_type=news&#038;p=899"},"modified":"2024-06-03T17:47:14","modified_gmt":"2024-06-03T15:47:14","slug":"forslag-om-forlangning-av-stod-till-korttidsarbete","status":"publish","type":"news","link":"https:\/\/www.visitvarmland.com\/corporate\/nyheter\/forslag-om-forlangning-av-stod-till-korttidsarbete\/","title":{"rendered":"F\u00f6rslag om f\u00f6rl\u00e4ngning av st\u00f6d till korttidsarbete"},"content":{"rendered":"\n<p>Regeringen och samarbetspartierna har lagt fram ett f\u00f6rslag om att f\u00f6rl\u00e4nga st\u00f6det f\u00f6r korttidspermitteringar i ytterligare tre m\u00e5nader: juli, augusti och september.<\/p>\n\n\n\n<p><a href=\"https:\/\/tillvaxtverket.se\/om-tillvaxtverket\/nyhetsrummet.html#\/news\/foerslag-om-foerlaengning-av-stoed-till-korttidsarbete-427455\" target=\"_blank\" rel=\"noopener\">L\u00e4s pressmeddelandet<\/a><a href=\"https:\/\/tillvaxtverket.se\/om-tillvaxtverket\/information-och-stod-kring-coronakrisen\/korttidsarbete\/aktuellt-om-korttidsarbete\/korttidsnyheter\/2021-04-28-utveckling-och-forbattring-i-hanteringen-av-korttidsstodet.html\" target=\"_blank\" rel=\"noopener\"> <\/a><a href=\"https:\/\/tillvaxtverket.se\/om-tillvaxtverket\/information-och-stod-kring-coronakrisen\/korttidsarbete\/aktuellt-om-korttidsarbete\/korttidsnyheter\/2021-04-28-utveckling-och-forbattring-i-hanteringen-av-korttidsstodet.html\" target=\"_blank\" rel=\"noopener\">Mer information om utveckling och f\u00f6rb\u00e4ttring i hanteringen av korttidsst\u00f6det<\/a><\/p>\n","protected":false},"author":3,"featured_media":0,"template":"","class_list":["post-899","news","type-news","status-publish","hentry"],"acf":[],"lang":"sv","translations":{"sv":899},"pll_sync_post":[],"_links":{"self":[{"href":"https:\/\/www.visitvarmland.com\/corporate\/wp-json\/wp\/v2\/news\/899","targetHints":{"allow":["GET"]}}],"collection":[{"href":"https:\/\/www.visitvarmland.com\/corporate\/wp-json\/wp\/v2\/news"}],"about":[{"href":"https:\/\/www.visitvarmland.com\/corporate\/wp-json\/wp\/v2\/types\/news"}],"author":[{"embeddable":true,"href":"https:\/\/www.visitvarmland.com\/corporate\/wp-json\/wp\/v2\/users\/3"}],"wp:attachment":[{"href":"https:\/\/www.visitvarmland.com\/corporate\/wp-json\/wp\/v2\/media?parent=899"}],"curies":[{"name":"wp","href":"https:\/\/api.w.org\/{rel}","templated":true}]}}