{"id":901,"date":"2021-05-12T10:19:00","date_gmt":"2021-05-12T08:19:00","guid":{"rendered":"https:\/\/www.visitvarmland.com\/visitvarmland-org\/?post_type=news&#038;p=901"},"modified":"2024-06-03T17:47:14","modified_gmt":"2024-06-03T15:47:14","slug":"fran-1-juni-deltagarantal-utifran-arrangemang-och-restauranger-kan-ha-oppet-till-22-30","status":"publish","type":"news","link":"https:\/\/www.visitvarmland.com\/corporate\/nyheter\/fran-1-juni-deltagarantal-utifran-arrangemang-och-restauranger-kan-ha-oppet-till-22-30\/","title":{"rendered":"Fr\u00e5n 1 juni &#8211; deltagarantal utifr\u00e5n arrangemang och restauranger kan ha \u00f6ppet till 22.30"},"content":{"rendered":"\n<p>Regeringen har nu fattat beslut om att de justerade reglerna f\u00f6r allm\u00e4nna sammankomster och offentliga tillst\u00e4llningar ska tr\u00e4da i kraft den 1 juni \u2013 ett f\u00f6rsta steg i att anpassa och justera rekommendationerna. Beslutet g\u00f6r det m\u00f6jligt att genomf\u00f6ra arrangemang p\u00e5 ett s\u00e4kert s\u00e4tt.<\/p>\n\n\n\n<p>\u201dOm alla forts\u00e4tter att f\u00f6lja regler och restriktioner som g\u00e4ller, och om vaccinationerna l\u00f6per som de ska kan vi sannolikt \u00e5terg\u00e5 till en mer normal tillvaro i september.\u201d<\/p>\n\n\n\n<p><strong>Fr\u00e5n och med 1 juni:<\/strong><\/p>\n\n\n\n<ul class=\"wp-block-list\"><li>kan restauranger och barer h\u00e5lla \u00f6ppet till 22.30.&nbsp;<\/li><li>inomhusarrangemang f\u00e5r ha 50 personer i publiken, om anvisade sittplatser finns. Annars till\u00e5ts bara \u00e5tta personer.<\/li><li>utomhusarrangemang kan ha 100 personer i publiken utan sittplats, och 500 med sittplats, exempelvis fotbollsmatcher p\u00e5 stora arenor.<\/li><li>F\u00f6r utomhusarrangemang som orientering och lopp till\u00e5ts 150 personer.<\/li><\/ul>\n\n\n\n<p>Alla deltagartak \u00e4r under f\u00f6ruts\u00e4ttning att FHMs- och lokala restriktioner f\u00f6ljs.<\/p>\n\n\n\n<p>K\u00e4lla regeringen.se<\/p>\n","protected":false},"author":3,"featured_media":0,"template":"","class_list":["post-901","news","type-news","status-publish","hentry"],"acf":[],"lang":"sv","translations":{"sv":901},"pll_sync_post":[],"_links":{"self":[{"href":"https:\/\/www.visitvarmland.com\/corporate\/wp-json\/wp\/v2\/news\/901","targetHints":{"allow":["GET"]}}],"collection":[{"href":"https:\/\/www.visitvarmland.com\/corporate\/wp-json\/wp\/v2\/news"}],"about":[{"href":"https:\/\/www.visitvarmland.com\/corporate\/wp-json\/wp\/v2\/types\/news"}],"author":[{"embeddable":true,"href":"https:\/\/www.visitvarmland.com\/corporate\/wp-json\/wp\/v2\/users\/3"}],"wp:attachment":[{"href":"https:\/\/www.visitvarmland.com\/corporate\/wp-json\/wp\/v2\/media?parent=901"}],"curies":[{"name":"wp","href":"https:\/\/api.w.org\/{rel}","templated":true}]}}