{"id":903,"date":"2021-05-10T10:24:00","date_gmt":"2021-05-10T08:24:00","guid":{"rendered":"https:\/\/www.visitvarmland.com\/visitvarmland-org\/?post_type=news&#038;p=903"},"modified":"2024-06-03T17:47:14","modified_gmt":"2024-06-03T15:47:14","slug":"kommer-ta-tid-for-stadskarnorna-att-aterhamta-sig-efter-pandemin","status":"publish","type":"news","link":"https:\/\/www.visitvarmland.com\/corporate\/nyheter\/kommer-ta-tid-for-stadskarnorna-att-aterhamta-sig-efter-pandemin\/","title":{"rendered":"Kommer ta tid f\u00f6r stadsk\u00e4rnorna att \u00e5terh\u00e4mta sig efter pandemin"},"content":{"rendered":"\n<p>F\u00e4rre restauranger, en handel som flyttat ut p\u00e5 n\u00e4tet och mindre kommersiella ytor. S\u00e5 sp\u00e5r Bj\u00f6rn Bergman, vd f\u00f6r Svenska stadsk\u00e4rnor, att livet i flera av v\u00e5ra st\u00e4der kommer att se ut \u2013 efter pandemin.<\/p>\n\n\n\n<div class=\"wp-block-atheme-component-action-button atheme-wrapper--action-button-single\"><a href=\"https:\/\/www.besoksliv.se\/nyheter\/kommer-ta-tid-for-stadskarnorna-att-aterhamta-sig-efter-pandemin\/\" target=\"_self\" class=\"a-action a-action--arrow\" rel=\"noopener\"><span>L\u00e4s mer h\u00e4r <\/span><\/a><\/div>\n","protected":false},"author":3,"featured_media":0,"template":"","class_list":["post-903","news","type-news","status-publish","hentry"],"acf":[],"lang":"sv","translations":{"sv":903},"pll_sync_post":[],"_links":{"self":[{"href":"https:\/\/www.visitvarmland.com\/corporate\/wp-json\/wp\/v2\/news\/903","targetHints":{"allow":["GET"]}}],"collection":[{"href":"https:\/\/www.visitvarmland.com\/corporate\/wp-json\/wp\/v2\/news"}],"about":[{"href":"https:\/\/www.visitvarmland.com\/corporate\/wp-json\/wp\/v2\/types\/news"}],"author":[{"embeddable":true,"href":"https:\/\/www.visitvarmland.com\/corporate\/wp-json\/wp\/v2\/users\/3"}],"wp:attachment":[{"href":"https:\/\/www.visitvarmland.com\/corporate\/wp-json\/wp\/v2\/media?parent=903"}],"curies":[{"name":"wp","href":"https:\/\/api.w.org\/{rel}","templated":true}]}}