{"id":904,"date":"2021-05-07T10:26:00","date_gmt":"2021-05-07T08:26:00","guid":{"rendered":"https:\/\/www.visitvarmland.com\/visitvarmland-org\/?post_type=news&#038;p=904"},"modified":"2024-06-03T17:47:14","modified_gmt":"2024-06-03T15:47:14","slug":"branas-arets-skidanlaggning-2021","status":"publish","type":"news","link":"https:\/\/www.visitvarmland.com\/corporate\/nyheter\/branas-arets-skidanlaggning-2021\/","title":{"rendered":"Bran\u00e4s &#8211; \u00e5rets skidanl\u00e4ggning 2021!"},"content":{"rendered":"\n<p>Bran\u00e4s \u00e4r utsedd till vinnare i SLAO-priset i kategorin \u00c5rets skidanl\u00e4ggning 2021! Stort och v\u00e4lf\u00f6rtj\u00e4nt grattis.<\/p>\n\n\n\n<p><em>&#8221;Om Bran\u00e4s skulle liknas vid en seriefigur skulle det vara Bamse. Stor och stark, men sn\u00e4ll och \u00e4ventyrlig. Skidanl\u00e4ggningen i norra V\u00e4rmland har genom alla \u00e5r haft trygghet och g\u00e4stservice i fokus. Nyt\u00e4nkande aff\u00e4rssamarbeten och en samlad \u00e4gargrupp har skapat en v\u00e4l fungerande skidort med st\u00e4ndiga utvecklingsplaner. Bran\u00e4s har g\u00e5tt fr\u00e5n att vara en n\u00e4ra skidort fr\u00e4mst f\u00f6r V\u00e4stra g\u00f6talandsregionen, till en fullfj\u00e4drad skiddestination uppskattad och attraktiv f\u00f6r alla som trivs med sn\u00f6 under f\u00f6tterna. Skidanl\u00e4ggningen lyckas \u00e4ven locka nya skid\u00e5kare, en f\u00f6rm\u00e5ga som inte bara \u00e4r betydelsefull f\u00f6r Bran\u00e4s, det \u00e4r en utveckling som \u00e4r central f\u00f6r en hel bransch.&#8221;<\/em><\/p>\n\n\n\n<div class=\"wp-block-atheme-component-action-button atheme-wrapper--action-button-single\"><a href=\"https:\/\/www.mynewsdesk.com\/se\/slao\/pressreleases\/vinnare-av-aarets-slao-priser-2021-branaes-sofia-eriksson-vaangabacken-och-nalle-hansson-3097610\" target=\"_self\" class=\"a-action a-action--arrow\" rel=\"noopener\"><span>Till pressmeddelandet<\/span><\/a><\/div>\n","protected":false},"author":3,"featured_media":0,"template":"","class_list":["post-904","news","type-news","status-publish","hentry"],"acf":[],"lang":"sv","translations":{"sv":904},"pll_sync_post":[],"_links":{"self":[{"href":"https:\/\/www.visitvarmland.com\/corporate\/wp-json\/wp\/v2\/news\/904","targetHints":{"allow":["GET"]}}],"collection":[{"href":"https:\/\/www.visitvarmland.com\/corporate\/wp-json\/wp\/v2\/news"}],"about":[{"href":"https:\/\/www.visitvarmland.com\/corporate\/wp-json\/wp\/v2\/types\/news"}],"author":[{"embeddable":true,"href":"https:\/\/www.visitvarmland.com\/corporate\/wp-json\/wp\/v2\/users\/3"}],"wp:attachment":[{"href":"https:\/\/www.visitvarmland.com\/corporate\/wp-json\/wp\/v2\/media?parent=904"}],"curies":[{"name":"wp","href":"https:\/\/api.w.org\/{rel}","templated":true}]}}