{"id":906,"date":"2021-05-04T10:30:00","date_gmt":"2021-05-04T08:30:00","guid":{"rendered":"https:\/\/www.visitvarmland.com\/visitvarmland-org\/?post_type=news&#038;p=906"},"modified":"2024-06-03T17:47:14","modified_gmt":"2024-06-03T15:47:14","slug":"varmlandska-smultronstallen-lyfts-i-visit-swedens-kampanj","status":"publish","type":"news","link":"https:\/\/www.visitvarmland.com\/corporate\/nyheter\/varmlandska-smultronstallen-lyfts-i-visit-swedens-kampanj\/","title":{"rendered":"V\u00e4rml\u00e4ndska smultronst\u00e4llen lyfts i Visit Swedens kampanj"},"content":{"rendered":"\n<p>Intresset att uppt\u00e4cka Sverige \u00e4r stort och det v\u00e4xer. N\u00e4rmare 40 procent av svenskarna planerar just nu en Sverigeresa i sommar.Visit Swedens lyfte 40 svenska restips fr\u00e5n sin nylanserade upplevelseguide \u2013 med omn\u00e4mnande av Gr\u00f6n Ko<br>Caf\u00e9 och Saluhall i S\u00e4ffle och Our Little Farm\u00a0i Eksh\u00e4rad.<\/p>\n\n\n\n<div class=\"wp-block-atheme-component-action-button atheme-wrapper--action-button-single\"><a href=\"https:\/\/visitsweden.se\/upplevelseguide\" target=\"_self\" class=\"a-action a-action--arrow\" rel=\"noopener\"><span>Till Visit Swedens Upplevelseguide <\/span><\/a><\/div>\n\n\n\n<div class=\"wp-block-atheme-component-action-button atheme-wrapper--action-button-single\"><a href=\"https:\/\/www.mynewsdesk.com\/se\/visitsweden\/pressreleases\/40-svenska-restips-fraan-visit-swedens-nylanserade-upplevelseguide-3094128?utm_campaign=Alert&amp;utm_source=alert&amp;utm_medium=email&amp;fbclid=IwAR32i1OAavyYRhTu5iWDKkHt1QCCeqlCrg5RmzUL9dq3DR5H94AKoqMsH7Q\" target=\"_self\" class=\"a-action a-action--arrow\" rel=\"noopener\"><span>L\u00e4s pressmeddelandet<\/span><\/a><\/div>\n","protected":false},"author":3,"featured_media":0,"template":"","class_list":["post-906","news","type-news","status-publish","hentry"],"acf":[],"lang":"sv","translations":{"sv":906},"pll_sync_post":[],"_links":{"self":[{"href":"https:\/\/www.visitvarmland.com\/corporate\/wp-json\/wp\/v2\/news\/906","targetHints":{"allow":["GET"]}}],"collection":[{"href":"https:\/\/www.visitvarmland.com\/corporate\/wp-json\/wp\/v2\/news"}],"about":[{"href":"https:\/\/www.visitvarmland.com\/corporate\/wp-json\/wp\/v2\/types\/news"}],"author":[{"embeddable":true,"href":"https:\/\/www.visitvarmland.com\/corporate\/wp-json\/wp\/v2\/users\/3"}],"wp:attachment":[{"href":"https:\/\/www.visitvarmland.com\/corporate\/wp-json\/wp\/v2\/media?parent=906"}],"curies":[{"name":"wp","href":"https:\/\/api.w.org\/{rel}","templated":true}]}}