{"id":907,"date":"2021-05-03T10:31:00","date_gmt":"2021-05-03T08:31:00","guid":{"rendered":"https:\/\/www.visitvarmland.com\/visitvarmland-org\/?post_type=news&#038;p=907"},"modified":"2024-06-03T17:47:15","modified_gmt":"2024-06-03T15:47:15","slug":"forsverige-visit-varmland-samverkar-med-googles-digital-akademin","status":"publish","type":"news","link":"https:\/\/www.visitvarmland.com\/corporate\/nyheter\/forsverige-visit-varmland-samverkar-med-googles-digital-akademin\/","title":{"rendered":"#f\u00f6rsverige &#8211; Visit V\u00e4rmland samverkar med Googles Digital akademin"},"content":{"rendered":"\n<p>Googles Digitalakademin har kickat ig\u00e5ng i V\u00e4rmland med kostnadsfria live streamade kurser f\u00f6r sm\u00e5- och medelstora f\u00f6retagare. I dag var 500 deltagare anm\u00e4lda till de tre kurserna som s\u00e4ndes &#8211; hittills har ca 1400 deltagare anm\u00e4lt sig i V\u00e4rmland.Fler kurser s\u00e4nds, i ett utbud b\u00e5de fr\u00e5n V\u00e4rmland och \u00f6vriga Sverige, via&nbsp;<a href=\"https:\/\/l.facebook.com\/l.php?u=https%3A%2F%2Fdigitillvaxt.se%2Fvarmland%3Ffbclid%3DIwAR3yM-fs9-J3qAgMqTrOKUe7m8SwUxujRv-i5FUfY_BiwUw7_urHQ5OvyR8&amp;h=AT3ynoHIFPHQ5oKQTtksIl42sYFfST7cB_BmbcMhs85i-68U09idv1UwKdOa4_x05xlRQ5vfaqCyE9djk2TOPg-FrV2fjt1h6j-GyVKn3nl3lC5A-8V7E1wQiN1j6ckLBNsCV78&amp;__tn__=-UK-R&amp;c[0]=AT2n5z8x4h7OzWFy2vZGQv6QEPFlG2YX63d7RjNmDSbEh8cmXfGlPRC3I_ESPDfXCcWko_feYVSvEc8oz246Zh-oL6Yrlf1JbPeuz8-50ugRrkcv4juRKSjE9IwSa3m8iUMiWACBsmNTnqh2wD1BWJtrggOkdpnVpKUImptSVh6sgGbzsun36obts49ekSAmfhJzIBept1PZ6jbXWvk\" rel=\"noreferrer noopener\" target=\"_blank\">https:\/\/digitillvaxt.se\/varmland<\/a>&nbsp;\u2013 s\u00e5 \u00e4n finns m\u00f6jlighet att h\u00e4nga p\u00e5 och l\u00e4ra mer!<\/p>\n\n\n\n<h2 class=\"wp-block-heading\">SAMTAL SOM SAMLAR L\u00c4RDOMAR OCH INSIKTER<\/h2>\n\n\n\n<p>Visit V\u00e4rmlands vd Mia Landin deltog \u00e4ven i rundabordssamtal tillsammans med representanter fr\u00e5n politik, n\u00e4ringen och F\u00f6retagarna, f\u00f6r att dela och samla v\u00e4rdefulla erfarenheter och insikter. De samlade l\u00e4rdomarna fr\u00e5n de olika samtalen ute i landet kommer att l\u00e4mnas till beslutsfattare i december i \u00e5r.Artikel i V\u00e4rmlands Aff\u00e4rer om Googlesamarbetet&nbsp;<a href=\"https:\/\/www.facebook.com\/hashtag\/f%C3%B6rsverige?__eep__=6&amp;__cft__[0]=AZW6aTPQPF0H7rt1yfSBrIIxNJjfEyppWBjwlqSVD4OIUIH-Luns0fB9gPop-hSruwGGu91R02NjK8cHhGeVuFYPD5K54VNJPotWmGouuPHak9bDytiyakHAUg31LULtAehPeKR49dOxhDFV7H7W0iKlxpAE8NhqrTA_Eh2KISb9NJRuWOA-vBzgsNw1LUm_AqE&amp;__tn__=*NK-R\" target=\"_blank\" rel=\"noopener\">#f\u00f6rsverige<\/a><a href=\"https:\/\/bit.ly\/3gWWLsh?fbclid=IwAR0CwIPyE80dFWLuE9YzUO73KQ9Buh_fu4NSg8N4I3OCupEeBrCuF12ufd4\" rel=\"noreferrer noopener\" target=\"_blank\">https:\/\/bit.ly\/3gWWLsh<\/a>Vi bjuder \u00e4ven p\u00e5 en intervju med Googles Sverigechef Anna Wikland&nbsp;<a href=\"https:\/\/bit.ly\/3eNrwNz?fbclid=IwAR0j3KsYbIEl14MbfIxyJXGLLtpVVaXelaGa_x4B41nj1DLE0aZ11VBtbgM\" rel=\"noreferrer noopener\" target=\"_blank\">https:\/\/bit.ly\/3eNrwNz<\/a><\/p>\n","protected":false},"author":3,"featured_media":0,"template":"","class_list":["post-907","news","type-news","status-publish","hentry"],"acf":[],"lang":"sv","translations":{"sv":907},"pll_sync_post":[],"_links":{"self":[{"href":"https:\/\/www.visitvarmland.com\/corporate\/wp-json\/wp\/v2\/news\/907","targetHints":{"allow":["GET"]}}],"collection":[{"href":"https:\/\/www.visitvarmland.com\/corporate\/wp-json\/wp\/v2\/news"}],"about":[{"href":"https:\/\/www.visitvarmland.com\/corporate\/wp-json\/wp\/v2\/types\/news"}],"author":[{"embeddable":true,"href":"https:\/\/www.visitvarmland.com\/corporate\/wp-json\/wp\/v2\/users\/3"}],"wp:attachment":[{"href":"https:\/\/www.visitvarmland.com\/corporate\/wp-json\/wp\/v2\/media?parent=907"}],"curies":[{"name":"wp","href":"https:\/\/api.w.org\/{rel}","templated":true}]}}