{"id":911,"date":"2021-04-30T11:08:00","date_gmt":"2021-04-30T09:08:00","guid":{"rendered":"https:\/\/www.visitvarmland.com\/visitvarmland-org\/?post_type=news&#038;p=911"},"modified":"2024-06-03T17:47:15","modified_gmt":"2024-06-03T15:47:15","slug":"malet-forsta-vaccinbeviset-utfardas-26-juni","status":"publish","type":"news","link":"https:\/\/www.visitvarmland.com\/corporate\/nyheter\/malet-forsta-vaccinbeviset-utfardas-26-juni\/","title":{"rendered":"M\u00e5let: f\u00f6rsta vaccinbeviset utf\u00e4rdas 26 juni"},"content":{"rendered":"\n<p>Vaccinbevisen ska kunna b\u00f6rja utf\u00e4rdas i slutet av juni. Det s\u00e4ger Annemieke \u00c5lenius vid E-h\u00e4lsomyndigheten i TV4:s Nyhetsmorgon. \u2013 Vi hoppas att det f\u00f6rsta beviset ska kunna utf\u00e4rdas den 26 juni.<\/p>\n\n\n\n<div class=\"wp-block-atheme-component-action-button atheme-wrapper--action-button-single\"><a href=\"https:\/\/www.travelnews.se\/flyg\/malet-forsta-vaccinbeviset-utfardas-den-26-juni\/?utm_source=rule&amp;utm_medium=email&amp;utm_campaign=m%C3%A5let%3A%20F%C3%B6rsta%20vaccinbeviset%20utf%C3%A4rdas%20den%2026%20juni%2FNorwegian%20gick%201%2C2%20miljarder%20back%20i%20f%C3%B6rsta%20kvartalet%2FSvenskarnas%20sparande%20under%20pandemin%20g%C3%A5r%20i%20f%C3%B6rsta%20hand%20till%20resor&amp;utm_custom[rm]=145937284\" target=\"_self\" class=\"a-action a-action--arrow\" rel=\"noopener\"><span>L\u00e4s mer <\/span><\/a><\/div>\n","protected":false},"author":3,"featured_media":0,"template":"","class_list":["post-911","news","type-news","status-publish","hentry"],"acf":[],"lang":"sv","translations":{"sv":911},"pll_sync_post":[],"_links":{"self":[{"href":"https:\/\/www.visitvarmland.com\/corporate\/wp-json\/wp\/v2\/news\/911","targetHints":{"allow":["GET"]}}],"collection":[{"href":"https:\/\/www.visitvarmland.com\/corporate\/wp-json\/wp\/v2\/news"}],"about":[{"href":"https:\/\/www.visitvarmland.com\/corporate\/wp-json\/wp\/v2\/types\/news"}],"author":[{"embeddable":true,"href":"https:\/\/www.visitvarmland.com\/corporate\/wp-json\/wp\/v2\/users\/3"}],"wp:attachment":[{"href":"https:\/\/www.visitvarmland.com\/corporate\/wp-json\/wp\/v2\/media?parent=911"}],"curies":[{"name":"wp","href":"https:\/\/api.w.org\/{rel}","templated":true}]}}