{"id":912,"date":"2021-04-29T11:11:00","date_gmt":"2021-04-29T09:11:00","guid":{"rendered":"https:\/\/www.visitvarmland.com\/visitvarmland-org\/?post_type=news&#038;p=912"},"modified":"2024-06-03T17:47:15","modified_gmt":"2024-06-03T15:47:15","slug":"varmlands-museum-planerar-att-oppna-upp-igen-17-maj-biljettslapp-3-maj","status":"publish","type":"news","link":"https:\/\/www.visitvarmland.com\/corporate\/nyheter\/varmlands-museum-planerar-att-oppna-upp-igen-17-maj-biljettslapp-3-maj\/","title":{"rendered":"V\u00e4rmlands Museum planerar att \u00f6ppna upp igen 17 maj &#8211; Biljettsl\u00e4pp 3 maj"},"content":{"rendered":"\n<p>V\u00e4rmlands Museum \u00f6ppnar med ordinarie \u00f6ppettider \u2013 allts\u00e5 \u00f6ppet alla dagar i veckan \u2013 och till en b\u00f6rjan endast f\u00f6r f\u00f6rbokade bes\u00f6k. Detta kommer g\u00e4lla f\u00f6r alla, \u00e4ven barn och unga, medlemmar i Museif\u00f6reningen och andra med \u00e5rskort eller fribiljett. Biljetter bokas enkelt p\u00e5 varmlandsmuseum.se.\u00a0Biljetterna sl\u00e4pps den 3 maj.<\/p>\n\n\n\n<div class=\"wp-block-atheme-component-action-button atheme-wrapper--action-button-single\"><a href=\"https:\/\/www.mynewsdesk.com\/se\/varmlands_museum\/pressreleases\/vaermlands-museum-planerar-oeppna-igen-17-maj-biljettslaepp-3-maj-3095408\" target=\"_self\" class=\"a-action a-action--arrow\" rel=\"noopener\"><span>Till pressmeddelandet<\/span><\/a><\/div>\n","protected":false},"author":3,"featured_media":0,"template":"","class_list":["post-912","news","type-news","status-publish","hentry"],"acf":[],"lang":"sv","translations":{"sv":912},"pll_sync_post":[],"_links":{"self":[{"href":"https:\/\/www.visitvarmland.com\/corporate\/wp-json\/wp\/v2\/news\/912","targetHints":{"allow":["GET"]}}],"collection":[{"href":"https:\/\/www.visitvarmland.com\/corporate\/wp-json\/wp\/v2\/news"}],"about":[{"href":"https:\/\/www.visitvarmland.com\/corporate\/wp-json\/wp\/v2\/types\/news"}],"author":[{"embeddable":true,"href":"https:\/\/www.visitvarmland.com\/corporate\/wp-json\/wp\/v2\/users\/3"}],"wp:attachment":[{"href":"https:\/\/www.visitvarmland.com\/corporate\/wp-json\/wp\/v2\/media?parent=912"}],"curies":[{"name":"wp","href":"https:\/\/api.w.org\/{rel}","templated":true}]}}