{"id":921,"date":"2021-04-29T11:33:00","date_gmt":"2021-04-29T09:33:00","guid":{"rendered":"https:\/\/www.visitvarmland.com\/visitvarmland-org\/?post_type=news&#038;p=921"},"modified":"2024-06-03T17:47:15","modified_gmt":"2024-06-03T15:47:15","slug":"mojlighet-att-ta-med-cykeln-pa-bussen-i-varmland","status":"publish","type":"news","link":"https:\/\/www.visitvarmland.com\/corporate\/nyheter\/mojlighet-att-ta-med-cykeln-pa-bussen-i-varmland\/","title":{"rendered":"M\u00f6jlighet att ta med cykeln p\u00e5 bussen i V\u00e4rmland"},"content":{"rendered":"\n<p>Genom ett unikt samarbete mellan Visit V\u00e4rmland, V\u00e4rmlandstrafik och Nobina genomf\u00f6rs nu ett pilotprojekt d\u00e4r det kommer att vara m\u00f6jligt att ta med sig sin cykel p\u00e5 utvalda turer i kollektivtrafiken under sommaren 2021.<\/p>\n\n\n\n<p>Pilotprojektet \u00e4r finansierat av Tillv\u00e4xtverket och Region V\u00e4rmland och syftar till att \u00f6ka m\u00f6jligheterna att paketera Klar\u00e4lvsbanan mot cykelturister d\u00e4r logistiken tidigare varit en stor utmaning. Samtidigt \u00f6kar ocks\u00e5 m\u00f6jligheterna f\u00f6r v\u00e4rml\u00e4nningarna att b\u00e5de nyttja Klar\u00e4lvsbanan och ta med sig cykeln f\u00f6r ett mer h\u00e5llbart och klimatsmart resande. Till en b\u00f6rjan kommer pilotprojektet p\u00e5g\u00e5 under sommartidtabellen 2021 mellan 14 juni \u2013 15 augusti och omfattar samtliga helgavg\u00e5ngar under perioden samt n\u00e5gra avg\u00e5ngar p\u00e5 tisdagar och torsdagar.<\/p>\n\n\n\n<p>\u2014&nbsp;M\u00f6jligheten att ta med cykeln p\u00e5 bussen g\u00f6r att Klar\u00e4lvsbanan blir oerh\u00f6rt mycket l\u00e4ttare att uppleva f\u00f6r en cykelturist, detta har efterfr\u00e5gats l\u00e4nge. Genom pilotprojektet st\u00e4rker vi V\u00e4rmland som en attraktiv cykeldestination, s\u00e4ger Andreas Norum, projektledare p\u00e5 Visit V\u00e4rmland.<\/p>\n\n\n\n<p>P\u00e5 str\u00e4ckan Karlstad-Hagfors, som motsvarar Klar\u00e4lvsbanans str\u00e4ckning, blir det m\u00f6jligt att ta med sig cykeln. L\u00e4ngs str\u00e4ckningen kan resen\u00e4rer lasta p\u00e5 eller av sin cykel p\u00e5 fyra utvalda h\u00e5llplatser, tur och retur, l\u00e4ngs med busslinje 600 och det \u00e4r \u00e4n s\u00e5 l\u00e4nge m\u00f6jligt att ta med tv\u00e5 cyklar per buss och avg\u00e5ng.<\/p>\n\n\n\n<p>\u2014&nbsp;Vi p\u00e5 V\u00e4rmlandstrafik ser pilotprojektet som ett positivt och viktigt f\u00f6rsta steg i utvecklingen mot att kunna erbjuda kundv\u00e4nliga och l\u00e5ngsiktigt h\u00e5llbara l\u00f6sningar i kollektivtrafiken i V\u00e4rmland. Detta kan \u00f6ppna upp f\u00f6r fler m\u00f6jligheter att kombinera cykel och kollektivtrafik \u00f6ver hela V\u00e4rmland \u00f6ver tid, s\u00e4ger Markus Bergman, trafikchef regionbuss p\u00e5 Region V\u00e4rmland.<\/p>\n\n\n\n<p>F\u00f6r att ta med cykel p\u00e5 resan kr\u00e4vs f\u00f6rbokning en vardag innan resan via V\u00e4rmlandstrafik telefonbokning f\u00f6r att kunna garantera att de som \u00f6nskar f\u00e5r med sin cykel. En testperiod som m\u00f6jligg\u00f6r en st\u00f6rre tillg\u00e4nglighet f\u00f6r cykelturister och som samtidigt fr\u00e4mjar samh\u00e4llsutvecklingen i V\u00e4rmland genom att utveckla buss som en h\u00e5llbar transportl\u00f6sning.<\/p>\n\n\n\n<p>\u2014&nbsp;Nobinas m\u00e5l \u00e4r att \u00f6ka det kollektiva resandet ur ett milj\u00f6perspektiv men ocks\u00e5 att f\u00f6renkla m\u00e4nniskors resande i vardagen. Att nu \u00e4ven kunna ta med sig sin cykel p\u00e5 bussen skapar fler m\u00f6jligheter till att v\u00e4lja att resa kollektivt samtidigt som vi ocks\u00e5 g\u00f6r V\u00e4rmland mer l\u00e4ttillg\u00e4ngligt f\u00f6r den som inte har bil, s\u00e4ger Sebastian Kraupp, Aff\u00e4rsutvecklare, Nobina.<\/p>\n\n\n\n<p>Vidare s\u00e4ger Jesper Johansson (MP), ordf\u00f6rande i kollektivtrafikn\u00e4mnden i Region V\u00e4rmland:<\/p>\n\n\n\n<p>\u2014\u00a0F\u00f6r att minska den negativa milj\u00f6p\u00e5verkan och uppn\u00e5 v\u00e5ra klimatm\u00e5l s\u00e5 m\u00e5ste fler resa h\u00e5llbart med cykel och kollektivtrafik. Kan vi utveckla m\u00f6jligheten att kombinera dessa f\u00e4rds\u00e4tt kommer fler att resa h\u00e5llbart vilket \u00e4r mycket positivt.<\/p>\n\n\n\n<div class=\"wp-block-atheme-component-action-button atheme-wrapper--action-button-single\"><a href=\"https:\/\/www.mynewsdesk.com\/se\/visitvarmland\/pressreleases\/moejlighet-att-ta-med-cyklar-paa-bussarna-i-vaermland-3094021\" target=\"_self\" class=\"a-action a-action--arrow\" rel=\"noopener\"><span>Till pressmeddelandet<\/span><\/a><\/div>\n","protected":false},"author":3,"featured_media":0,"template":"","class_list":["post-921","news","type-news","status-publish","hentry"],"acf":[],"lang":"sv","translations":{"sv":921},"pll_sync_post":[],"_links":{"self":[{"href":"https:\/\/www.visitvarmland.com\/corporate\/wp-json\/wp\/v2\/news\/921","targetHints":{"allow":["GET"]}}],"collection":[{"href":"https:\/\/www.visitvarmland.com\/corporate\/wp-json\/wp\/v2\/news"}],"about":[{"href":"https:\/\/www.visitvarmland.com\/corporate\/wp-json\/wp\/v2\/types\/news"}],"author":[{"embeddable":true,"href":"https:\/\/www.visitvarmland.com\/corporate\/wp-json\/wp\/v2\/users\/3"}],"wp:attachment":[{"href":"https:\/\/www.visitvarmland.com\/corporate\/wp-json\/wp\/v2\/media?parent=921"}],"curies":[{"name":"wp","href":"https:\/\/api.w.org\/{rel}","templated":true}]}}