{"id":922,"date":"2021-04-28T11:36:00","date_gmt":"2021-04-28T09:36:00","guid":{"rendered":"https:\/\/www.visitvarmland.com\/visitvarmland-org\/?post_type=news&#038;p=922"},"modified":"2024-06-03T17:47:15","modified_gmt":"2024-06-03T15:47:15","slug":"nya-siffror-fran-tillvaxtverket-farre-permitterade-under-2021","status":"publish","type":"news","link":"https:\/\/www.visitvarmland.com\/corporate\/nyheter\/nya-siffror-fran-tillvaxtverket-farre-permitterade-under-2021\/","title":{"rendered":"Nya siffror fr\u00e5n Tillv\u00e4xtverket &#8211; F\u00e4rre permitterade under 2021"},"content":{"rendered":"\n<p><strong>Nya siffror fr\u00e5n Tillv\u00e4xtverket f\u00f6r 2021 visar att cirka 60 000 personer \u00e4r permitterade en m\u00e5nad efter att st\u00f6det \u00f6ppnat den 29 mars,&nbsp;j\u00e4mf\u00f6rt med cirka 500 000 personer motsvarande period f\u00f6rra \u00e5ret.<\/strong><\/p>\n\n\n\n<p>Siffrorna visar \u00e4ven att det \u00e4r fler f\u00e5mansf\u00f6retag som s\u00f6ker st\u00f6d i \u00e5r j\u00e4mf\u00f6rt med f\u00f6rra \u00e5ret, det \u00e4r s\u00e5ledes f\u00e4rre anst\u00e4llda per ans\u00f6kan.<\/p>\n\n\n\n<p>Prelimin\u00e4ra siffror visar att ungef\u00e4r h\u00e4lften av ans\u00f6kningarna\u202f kr\u00e4ver kompletteringar. Det handlar till exempel om att de\u202fsaknar\u202fhandlingar som ska bifogas ans\u00f6kan, som\u202favtal om korttidsarbete\u202foch revisorsyttrande.<\/p>\n\n\n\n<p>Nytt f\u00f6r st\u00f6det under 2021 \u00e4r att arbetsgivare ocks\u00e5 kan s\u00f6ka ers\u00e4ttning f\u00f6r kompetensinsatser f\u00f6r permitterad personal. Hittills har cirka 600 ans\u00f6kningar om ers\u00e4ttning\u202finkommit, varav cirka 900 personer ber\u00f6rs.\u202fS\u00f6kt belopp uppg\u00e5r hittills till cirka 6,5 miljoner kronor.\u202f<\/p>\n\n\n\n<p><a href=\"https:\/\/tillvaxtverket.se\/om-tillvaxtverket\/nyhetsrummet.html#\/pressreleases\/faerre-permitterade-under-2021-3094781\" target=\"_blank\" rel=\"noopener\">L\u00e4s pressmeddelandet<\/a><\/p>\n\n\n\n<p><a href=\"https:\/\/bit.ly\/2QFZDz5\" target=\"_blank\" rel=\"noopener\">H\u00e4r finns all statistik om korttidsarbete&nbsp;<\/a><\/p>\n\n\n\n<p><a href=\"https:\/\/bit.ly\/3gKuSDz\" target=\"_blank\" rel=\"noopener\">H\u00e4r kan du l\u00e4sa mer om hur Tillv\u00e4xtverket arbetat med att utveckla och f\u00f6rb\u00e4ttra hanteringen av st\u00f6det<\/a><\/p>\n","protected":false},"author":3,"featured_media":0,"template":"","class_list":["post-922","news","type-news","status-publish","hentry"],"acf":[],"lang":"sv","translations":{"sv":922},"pll_sync_post":[],"_links":{"self":[{"href":"https:\/\/www.visitvarmland.com\/corporate\/wp-json\/wp\/v2\/news\/922","targetHints":{"allow":["GET"]}}],"collection":[{"href":"https:\/\/www.visitvarmland.com\/corporate\/wp-json\/wp\/v2\/news"}],"about":[{"href":"https:\/\/www.visitvarmland.com\/corporate\/wp-json\/wp\/v2\/types\/news"}],"author":[{"embeddable":true,"href":"https:\/\/www.visitvarmland.com\/corporate\/wp-json\/wp\/v2\/users\/3"}],"wp:attachment":[{"href":"https:\/\/www.visitvarmland.com\/corporate\/wp-json\/wp\/v2\/media?parent=922"}],"curies":[{"name":"wp","href":"https:\/\/api.w.org\/{rel}","templated":true}]}}