{"id":924,"date":"2021-04-26T13:52:00","date_gmt":"2021-04-26T11:52:00","guid":{"rendered":"https:\/\/www.visitvarmland.com\/visitvarmland-org\/?post_type=news&#038;p=924"},"modified":"2024-06-03T17:47:15","modified_gmt":"2024-06-03T15:47:15","slug":"kompetensinsatser-under-korttidsarbete-och-kompetens-nu","status":"publish","type":"news","link":"https:\/\/www.visitvarmland.com\/corporate\/nyheter\/kompetensinsatser-under-korttidsarbete-och-kompetens-nu\/","title":{"rendered":"Kompetensinsatser under korttidsarbete och kompetens.nu"},"content":{"rendered":"\n<p>Arbetsgivare som ans\u00f6ker om korttidsst\u00f6d har nu m\u00f6jlighet att samtidigt ans\u00f6ka om ers\u00e4ttning f\u00f6r kostnader f\u00f6r kompetensinsatser. Anst\u00e4llda som g\u00e5r ner i tid med korttidsst\u00f6d f\u00e5r en m\u00f6jlighet att h\u00f6ja sin kompetensniv\u00e5 under den tid som frig\u00f6rs. F\u00f6retaget kan fritt v\u00e4lja en kompetensinsats som motsvarar behovet hos de anst\u00e4llda och arbetsgivaren.<\/p>\n\n\n\n<p><a href=\"https:\/\/evt.ungpd.com\/Issues\/2f660065-6ba8-454a-adb3-e07e1bb33f30\/Click?ContactId=ec69a846-7c7b-45d8-b74e-cff1eafb44a3&amp;url=https%3a%2f%2ftillvaxtverket.se%2fom-tillvaxtverket%2finformation-och-stod-kring-coronakrisen%2fkorttidsarbete%2fkompetensinsatser-under-korttidsarbete.html\" target=\"_blank\" rel=\"noopener\">L\u00e4s mer hos Tillv\u00e4xtverket<\/a><\/p>\n\n\n\n<p>Under 2021 finansieras utbildningarna av Europeiska Socialfonden och \u00e4r kostnadsfria f\u00f6r de som deltar. F\u00f6r att f\u00e5 tillg\u00e5ng till utbildningarna deltar man i projektet och f\u00e5r d\u00e5 tillg\u00e5ng till 5000 kostnadsfria kurser. Sidan \u00e4r under uppbyggnad men kommer att inneh\u00e5lla allt fr\u00e5n utbildningar p\u00e5 h\u00f6gskoleniv\u00e5, till uppdragsutbildningar p\u00e5 YH-niv\u00e5, till att \u00e4mnesexperter kan dela kunskap och erfarenheter i s\u00e5 kallade \u201dmicro-learnings\u201d.<\/p>\n\n\n\n<p><a href=\"https:\/\/www.kompetens.nu\/besoksnaringen\/\" target=\"_blank\" rel=\"noopener\">Kompetens.nu &#8211; kostnadsfria utbildningar f\u00f6r bes\u00f6ksn\u00e4ringen<\/a><\/p>\n","protected":false},"author":3,"featured_media":0,"template":"","class_list":["post-924","news","type-news","status-publish","hentry"],"acf":[],"lang":"sv","translations":{"sv":924},"pll_sync_post":[],"_links":{"self":[{"href":"https:\/\/www.visitvarmland.com\/corporate\/wp-json\/wp\/v2\/news\/924","targetHints":{"allow":["GET"]}}],"collection":[{"href":"https:\/\/www.visitvarmland.com\/corporate\/wp-json\/wp\/v2\/news"}],"about":[{"href":"https:\/\/www.visitvarmland.com\/corporate\/wp-json\/wp\/v2\/types\/news"}],"author":[{"embeddable":true,"href":"https:\/\/www.visitvarmland.com\/corporate\/wp-json\/wp\/v2\/users\/3"}],"wp:attachment":[{"href":"https:\/\/www.visitvarmland.com\/corporate\/wp-json\/wp\/v2\/media?parent=924"}],"curies":[{"name":"wp","href":"https:\/\/api.w.org\/{rel}","templated":true}]}}