{"id":926,"date":"2021-04-26T14:16:00","date_gmt":"2021-04-26T12:16:00","guid":{"rendered":"https:\/\/www.visitvarmland.com\/visitvarmland-org\/?post_type=news&#038;p=926"},"modified":"2024-06-03T17:47:15","modified_gmt":"2024-06-03T15:47:15","slug":"regeringen-utreder-snabbtag-mellan-stockholm-och-oslo","status":"publish","type":"news","link":"https:\/\/www.visitvarmland.com\/corporate\/nyheter\/regeringen-utreder-snabbtag-mellan-stockholm-och-oslo\/","title":{"rendered":"Regeringen utreder snabbt\u00e5g mellan Stockholm och Oslo"},"content":{"rendered":"\n<p>Regeringen vill titta n\u00e4rmare p\u00e5 m\u00f6jligheterna att skapa en snabbt\u00e5gsf\u00f6rbindelse mellan Stockholm och Oslo, skriver infrastrukturminister Tomas Eneroth (S) p\u00e5 Facebook.<\/p>\n\n\n\n<p>Eneroth samtalade under fredagen med sin norske ministerkollega Knut Arild Hareide om planerna.<\/p>\n\n\n\n<div class=\"wp-block-atheme-component-action-button atheme-wrapper--action-button-single\"><a href=\"https:\/\/www.travelnews.se\/tag\/regeringen-utreder-snabbtag-mellan-stockholm-och-oslo\/?utm_source=rule&amp;utm_medium=email&amp;utm_campaign=regeringen%20utreder%20snabbt%C3%A5g%20mellan%20Stockholm%20och%20Oslo%2FVaccinerade%20amerikaner%20kan%20resa%20till%20EU%20i%20sommar%2FBraathen%20s%C3%A5gar%20regeringen%3A%20%E2%80%9DKan%20inte%20ta%20s%C3%A5dana%20beslut%E2%80%9D&amp;utm_custom[rm]=145937284\" target=\"_self\" class=\"a-action a-action--arrow\" rel=\"noopener\"><span>L\u00e4s mer<\/span><\/a><\/div>\n","protected":false},"author":3,"featured_media":0,"template":"","class_list":["post-926","news","type-news","status-publish","hentry"],"acf":[],"lang":"sv","translations":{"sv":926},"pll_sync_post":[],"_links":{"self":[{"href":"https:\/\/www.visitvarmland.com\/corporate\/wp-json\/wp\/v2\/news\/926","targetHints":{"allow":["GET"]}}],"collection":[{"href":"https:\/\/www.visitvarmland.com\/corporate\/wp-json\/wp\/v2\/news"}],"about":[{"href":"https:\/\/www.visitvarmland.com\/corporate\/wp-json\/wp\/v2\/types\/news"}],"author":[{"embeddable":true,"href":"https:\/\/www.visitvarmland.com\/corporate\/wp-json\/wp\/v2\/users\/3"}],"wp:attachment":[{"href":"https:\/\/www.visitvarmland.com\/corporate\/wp-json\/wp\/v2\/media?parent=926"}],"curies":[{"name":"wp","href":"https:\/\/api.w.org\/{rel}","templated":true}]}}