{"id":928,"date":"2021-04-23T14:25:00","date_gmt":"2021-04-23T12:25:00","guid":{"rendered":"https:\/\/www.visitvarmland.com\/visitvarmland-org\/?post_type=news&#038;p=928"},"modified":"2024-06-03T17:47:15","modified_gmt":"2024-06-03T15:47:15","slug":"pandemins-kostnader","status":"publish","type":"news","link":"https:\/\/www.visitvarmland.com\/corporate\/nyheter\/pandemins-kostnader\/","title":{"rendered":"Pandemins kostnader"},"content":{"rendered":"\n<p>Tillv\u00e4xtverket har nyligen publicerat rapport&nbsp;<em>Pandemins kostnader, Effekter p\u00e5 produktion och jobb i Sveriges regioner<\/em>, som ger ger kunskapsunderlag f\u00f6r att f\u00f6rst\u00e5 de konsekvenserna f\u00f6r pandemins p\u00e5verkan p\u00e5 v\u00e4rldsekonomin. Rapporten redovisar tv\u00e5 mer l\u00e5ngsiktiga scenarier f\u00f6r t\u00e4nkbara samh\u00e4llsekonomiska konsekvenser i olika regioner och branscher. Det f\u00f6rsta scenariot kollar om \u00e5terg\u00e5ngen sker 2022 och det andra ser mot 2027.<\/p>\n\n\n\n<h2 class=\"wp-block-heading\">De viktigaste slutsatserna av rapporten \u00e4r:<\/h2>\n\n\n\n<ul class=\"wp-block-list\"><li>Hotell och restaurang \u00e4r den bransch som drabbades relativt h\u00e5rdast under pandemin i den procentuella f\u00f6rlusten<\/li><li>Tillverkningsindustrin st\u00e5r f\u00f6r st\u00f6rst m\u00e4ngd utebliven produktion r\u00e4knat i kronor<\/li><li>De tre storstadsl\u00e4nen p\u00e5verkats mest r\u00e4knat i kronor, dock nedg\u00e5ngen i produktion relativt j\u00e4mnt f\u00f6rdelad mellan regionerna<\/li><li>F\u00f6rlorade \u00e5rsarbetstillf\u00e4llena \u00e4r lika allvarliga i olika branscher riket \u00f6ver, mes st\u00f6rsta siffror g\u00e4ller storstadsregionerna<\/li><\/ul>\n\n\n\n<p><a href=\"https:\/\/tillvaxtverket.se\/vara-tjanster\/publikationer\/publikationer-2021\/2021-04-20-pandemins-kostnader---effekter-pa-produktion-och-jobb-i-sveriges-regioner.html\" target=\"_blank\" rel=\"noopener\">L\u00c4S MER<\/a><\/p>\n","protected":false},"author":3,"featured_media":0,"template":"","class_list":["post-928","news","type-news","status-publish","hentry"],"acf":[],"lang":"sv","translations":{"sv":928},"pll_sync_post":[],"_links":{"self":[{"href":"https:\/\/www.visitvarmland.com\/corporate\/wp-json\/wp\/v2\/news\/928","targetHints":{"allow":["GET"]}}],"collection":[{"href":"https:\/\/www.visitvarmland.com\/corporate\/wp-json\/wp\/v2\/news"}],"about":[{"href":"https:\/\/www.visitvarmland.com\/corporate\/wp-json\/wp\/v2\/types\/news"}],"author":[{"embeddable":true,"href":"https:\/\/www.visitvarmland.com\/corporate\/wp-json\/wp\/v2\/users\/3"}],"wp:attachment":[{"href":"https:\/\/www.visitvarmland.com\/corporate\/wp-json\/wp\/v2\/media?parent=928"}],"curies":[{"name":"wp","href":"https:\/\/api.w.org\/{rel}","templated":true}]}}