{"id":930,"date":"2021-04-15T14:45:00","date_gmt":"2021-04-15T12:45:00","guid":{"rendered":"https:\/\/www.visitvarmland.com\/visitvarmland-org\/?post_type=news&#038;p=930"},"modified":"2024-06-03T17:47:16","modified_gmt":"2024-06-03T15:47:16","slug":"hur-ser-snoforhallandena-ut-i-varmland-i-framtiden","status":"publish","type":"news","link":"https:\/\/www.visitvarmland.com\/corporate\/nyheter\/hur-ser-snoforhallandena-ut-i-varmland-i-framtiden\/","title":{"rendered":"Hur ser sn\u00f6f\u00f6rh\u00e5llandena ut i V\u00e4rmland i Framtiden?"},"content":{"rendered":"\n<p>En ny rapport om framtida sn\u00f6f\u00f6rh\u00e5llanden i V\u00e4rmlands l\u00e4n visar hur sn\u00f6t\u00e4ckets varaktighet och tjocklek f\u00f6rv\u00e4ntas att minska.<\/p>\n\n\n\n<p>Fakta fr\u00e5n rapporten<\/p>\n\n\n\n<ul class=\"wp-block-list\"><li>Medelsn\u00f6djupet f\u00f6rv\u00e4ntas att minska fram\u00f6ver i n\u00e4stan hela V\u00e4rmland under hela sn\u00f6perioden, fr\u00e5n november till april. Vid fortsatt h\u00f6ga koldioxidutsl\u00e4pp f\u00f6rv\u00e4ntas exempelvis st\u00f6rre delen av l\u00e4net att vara sn\u00f6fritt i januari, med undantag f\u00f6r Torsby:<\/li><li>Det maximala sn\u00f6djupet f\u00f6rv\u00e4ntas ocks\u00e5 att minska i n\u00e4stan hela l\u00e4net. Ett f\u00e5tal omr\u00e5den i norra Torsby f\u00e5r ett h\u00f6gre maximalt sn\u00f6djup i slutet av seklet i det l\u00e4gre utsl\u00e4ppsscenariot, om koldioxidutsl\u00e4ppen av koldioxid kulminerar omkring 2040.<\/li><li>Tidigare har det varit en stor spridning mellan norra och s\u00f6dra V\u00e4rmland i antalet dagar med en viss tjocklek p\u00e5 sn\u00f6t\u00e4cket. I slutet av seklet f\u00f6rv\u00e4ntas endast den norra delen av l\u00e4net ha 20\u201340 cm sn\u00f6 i \u00f6ver \u00e4n en m\u00e5nad, samtidigt som h\u00f6gst antal dagar med 40\u201360 cm sn\u00f6 f\u00f6rv\u00e4ntas att sjunka fr\u00e5n \u00f6ver 200 dagar till 160\u2013180 dagar i nordv\u00e4stra V\u00e4rmland i slutet av seklet.<\/li><li>Mer specifika studier har \u00e4ven gjorts f\u00f6r tv\u00e5 utvalda omr\u00e5den vid Syssleb\u00e4ck och \u00c5motfors. Under ett medel\u00e5r i Syssleb\u00e4ck och \u00c5motfors \u00f6kar medelsn\u00f6djupet fr\u00e5n slutet av h\u00f6sten fram till ett maximum runt februari och avtar sedan. Under v\u00e5rvintern v\u00e4ntas stora minskningar.<\/li><\/ul>\n\n\n\n<div class=\"wp-block-atheme-component-action-button atheme-wrapper--action-button-single\"><a href=\"https:\/\/www.mynewsdesk.com\/se\/lansstyrelsen-varmland\/pressreleases\/saa-paaverkas-snoen-i-vaermland-av-ett-foeraendrat-klimat-3091694\" target=\"_self\" class=\"a-action a-action--arrow\" rel=\"noopener\"><span>L\u00e4s pressmeddelandet<\/span><\/a><\/div>\n\n\n\n<div class=\"wp-block-atheme-component-action-button atheme-wrapper--action-button-single\"><a href=\"https:\/\/www.mynewsdesk.com\/se\/lansstyrelsen-varmland\/documents\/rapport-snoe-i-framtida-klimat-vaermlands-laen-409644\" target=\"_self\" class=\"a-action a-action--arrow\" rel=\"noopener\"><span>Ladda ner rapporten<\/span><\/a><\/div>\n","protected":false},"author":3,"featured_media":0,"template":"","class_list":["post-930","news","type-news","status-publish","hentry"],"acf":[],"lang":"sv","translations":{"sv":930},"pll_sync_post":[],"_links":{"self":[{"href":"https:\/\/www.visitvarmland.com\/corporate\/wp-json\/wp\/v2\/news\/930","targetHints":{"allow":["GET"]}}],"collection":[{"href":"https:\/\/www.visitvarmland.com\/corporate\/wp-json\/wp\/v2\/news"}],"about":[{"href":"https:\/\/www.visitvarmland.com\/corporate\/wp-json\/wp\/v2\/types\/news"}],"author":[{"embeddable":true,"href":"https:\/\/www.visitvarmland.com\/corporate\/wp-json\/wp\/v2\/users\/3"}],"wp:attachment":[{"href":"https:\/\/www.visitvarmland.com\/corporate\/wp-json\/wp\/v2\/media?parent=930"}],"curies":[{"name":"wp","href":"https:\/\/api.w.org\/{rel}","templated":true}]}}