{"id":933,"date":"2021-04-16T14:46:00","date_gmt":"2021-04-16T12:46:00","guid":{"rendered":"https:\/\/www.visitvarmland.com\/visitvarmland-org\/?post_type=news&#038;p=933"},"modified":"2024-06-03T17:47:15","modified_gmt":"2024-06-03T15:47:15","slug":"visit-varmland-satsar-pa-svemester-och-varmester","status":"publish","type":"news","link":"https:\/\/www.visitvarmland.com\/corporate\/nyheter\/visit-varmland-satsar-pa-svemester-och-varmester\/","title":{"rendered":"Visit V\u00e4rmland satsar p\u00e5 svemester och v\u00e4rmester"},"content":{"rendered":"\n<p>Visit V\u00e4rmland satsar p\u00e5 V\u00e4rmester och Svemester, sl\u00e4pper nytt nummer av magasin V\u00e4rmland 2021\/2022 och b\u00f6rjar med digitala bes\u00f6ksn\u00e4ringstr\u00e4ffar, Viktigt p\u00e5 riktigt.<\/p>\n\n\n\n<p>Flera insatser g\u00f6rs i samverkan med V\u00e4rmlands kommuner f\u00f6r att st\u00e4rka den v\u00e4rml\u00e4ndska bes\u00f6ksn\u00e4ringen och de f\u00f6retag som \u00e4n en g\u00e5ng st\u00e5r inf\u00f6r en os\u00e4ker sommars\u00e4song.<\/p>\n\n\n\n<p>\u2013 Genom v\u00e5r V\u00e4rmesterkampanj lyfter vi V\u00e4rmland som en salig uppt\u00e4cktsresa med olika aktiviteter och upplevelser inom bland annat vandring, cykling och paddling d\u00e5 vi kan se att intresset f\u00f6r naturturism och utomhusaktiviteter \u00e4r och fortsatt kommer vara starkt. M\u00e5lgruppen \u00e4r vardagssmitande livsnjutare och de som bor i V\u00e4rmland eller n\u00e4rliggande regioner som vill uppt\u00e4cka eller \u00e5teruppleva attraktiva platser i hela V\u00e4rmland, s\u00e4ger Mia Landin, VD, Visit V\u00e4rmland.<\/p>\n\n\n\n<p>Den 16:e april sl\u00e4pper Visit V\u00e4rmland och Region V\u00e4rmland magasin V\u00e4rmland. I \u00e5rets upplaga hittar du allt fr\u00e5n h\u00e4rliga vandrings\u00e4ventyr, utflyktstips, Lottie Knutssons semesterp\u00e4rlor, unika campingupplevelser, mathantverk genom en matkarta \u00f6ver V\u00e4rmland med utvalda smultronst\u00e4llen samt historien om Sola i Karlstad och ett stort reportage om Dotter, artisten fr\u00e5n Arvika som medverkade i \u00e5rets melodifestival.&nbsp;<\/p>\n\n\n\n<p>\u2013 Vi har sett ett stort intresse f\u00f6r magasinet, det v\u00e4cker lust till resande och ger plats \u00e5t naturen, kulturen, historien och m\u00e4nniskorna som finns i V\u00e4rmland. Det ska ge inspiration f\u00f6r alla som vill \u201dhemestra\u201d och visar upp alla de m\u00f6jligheter till upplevelser som V\u00e4rmland har att erbjuda, s\u00e4ger Jenny Nohr\u00e9n, Kommunikat\u00f6r, Visit V\u00e4rmland.<\/p>\n\n\n\n<p>Visit V\u00e4rmland medverkar \u00e4ven i Visit Swedens nya nationella marknadsf\u00f6ringssatsning inf\u00f6r sommaren. En Svemesterkampanj i tv\u00e5 delar, De ofrivilliga turisternas guide till Sverige och en digital semestergenerator med \u00f6ver 600 restips. M\u00e5let med kampanjen \u00e4r att inspirera till att se Sverige med nya \u00f6gon f\u00f6r att uppt\u00e4cka fler upplevelser inom kategorierna \u00e4ta, bo och g\u00f6ra. I till\u00e4gg till detta genomf\u00f6rs ytterligare en kampanj tillsammans med Visit Sweden via Tripadvisor f\u00f6r att bland annat synligg\u00f6ra V\u00e4rmlands bes\u00f6ksn\u00e4ringsf\u00f6retag.<\/p>\n\n\n\n<p>Den 20:e april startar ocks\u00e5 Visit V\u00e4rmlands digitala bes\u00f6ksn\u00e4ringstr\u00e4ffar Viktigt p\u00e5 riktigt d\u00e4r du kan ta del av vad som h\u00e4nder inom bes\u00f6ksn\u00e4ringen och p\u00e5 Visit V\u00e4rmland. F\u00f6rst ut \u00e4r Gunn Axelsson fr\u00e5n Visit V\u00e4rmland som pratar om Tillg\u00e4nglig bes\u00f6ksn\u00e4ring och hur det arbetet har bedrivits. Viktigt p\u00e5 riktigt s\u00e4nds varje tisdag kl. 10 d\u00e4r f\u00f6retag inom bes\u00f6ksn\u00e4ringen kan ta del av s\u00e4ndningen via visitvarmland.org.<\/p>\n","protected":false},"author":3,"featured_media":0,"template":"","class_list":["post-933","news","type-news","status-publish","hentry"],"acf":[],"lang":"sv","translations":{"sv":933},"pll_sync_post":[],"_links":{"self":[{"href":"https:\/\/www.visitvarmland.com\/corporate\/wp-json\/wp\/v2\/news\/933","targetHints":{"allow":["GET"]}}],"collection":[{"href":"https:\/\/www.visitvarmland.com\/corporate\/wp-json\/wp\/v2\/news"}],"about":[{"href":"https:\/\/www.visitvarmland.com\/corporate\/wp-json\/wp\/v2\/types\/news"}],"author":[{"embeddable":true,"href":"https:\/\/www.visitvarmland.com\/corporate\/wp-json\/wp\/v2\/users\/3"}],"wp:attachment":[{"href":"https:\/\/www.visitvarmland.com\/corporate\/wp-json\/wp\/v2\/media?parent=933"}],"curies":[{"name":"wp","href":"https:\/\/api.w.org\/{rel}","templated":true}]}}