{"id":934,"date":"2021-04-18T14:48:00","date_gmt":"2021-04-18T12:48:00","guid":{"rendered":"https:\/\/www.visitvarmland.com\/visitvarmland-org\/?post_type=news&#038;p=934"},"modified":"2024-06-03T17:47:15","modified_gmt":"2024-06-03T15:47:15","slug":"upphandling-radgivning-for-leder-inom-friluftsliv-och-turism","status":"publish","type":"news","link":"https:\/\/www.visitvarmland.com\/corporate\/nyheter\/upphandling-radgivning-for-leder-inom-friluftsliv-och-turism\/","title":{"rendered":"Upphandling &#8211; r\u00e5dgivning f\u00f6r leder inom friluftsliv och turism"},"content":{"rendered":"\n<p>Visit V\u00e4rmland har p\u00e5 e-Avrop publicerat upphandling av tj\u00e4nster som omfattar:<\/p>\n\n\n\n<ol class=\"wp-block-list\"><li>R\u00e5dgivnings riktade mot ledanordnare avseende utveckling av kvalitetss\u00e4krade vandrings- och cykelleder.<\/li><li>Framtagande av utbildning f\u00f6r ledkontrollanter inom befintliga kvalitetss\u00e4kringssystem f\u00f6r vandrings- och mtb-leder samt genom f\u00f6ra utbildning av minst 5 ledkontrollanter f\u00f6r vandrings- respektive cykelleder.<\/li><li>Framtagande av r\u00e5dgivningsmetod f\u00f6r kvalitetss\u00e4krade leder som ska vara skalbar och synkroniseras med nationellt ramverk f\u00f6r vandringsleder.<\/li><\/ol>\n\n\n\n<p>Sista anbudsdag 210426<\/p>\n\n\n\n<div class=\"wp-block-atheme-component-action-button atheme-wrapper--action-button-single\"><a href=\"https:\/\/www.e-avrop.com\/NoAccess.aspx\" target=\"_self\" class=\"a-action a-action--arrow\" rel=\"noopener\"><span>Till upphandlingen<\/span><\/a><\/div>\n","protected":false},"author":3,"featured_media":0,"template":"","class_list":["post-934","news","type-news","status-publish","hentry"],"acf":[],"lang":"sv","translations":{"sv":934},"pll_sync_post":[],"_links":{"self":[{"href":"https:\/\/www.visitvarmland.com\/corporate\/wp-json\/wp\/v2\/news\/934","targetHints":{"allow":["GET"]}}],"collection":[{"href":"https:\/\/www.visitvarmland.com\/corporate\/wp-json\/wp\/v2\/news"}],"about":[{"href":"https:\/\/www.visitvarmland.com\/corporate\/wp-json\/wp\/v2\/types\/news"}],"author":[{"embeddable":true,"href":"https:\/\/www.visitvarmland.com\/corporate\/wp-json\/wp\/v2\/users\/3"}],"wp:attachment":[{"href":"https:\/\/www.visitvarmland.com\/corporate\/wp-json\/wp\/v2\/media?parent=934"}],"curies":[{"name":"wp","href":"https:\/\/api.w.org\/{rel}","templated":true}]}}