{"id":935,"date":"2021-04-16T14:55:00","date_gmt":"2021-04-16T12:55:00","guid":{"rendered":"https:\/\/www.visitvarmland.com\/visitvarmland-org\/?post_type=news&#038;p=935"},"modified":"2024-06-03T17:47:15","modified_gmt":"2024-06-03T15:47:15","slug":"whats-nxt-framtidsbarometern-mellan-hopp-och-fortret","status":"publish","type":"news","link":"https:\/\/www.visitvarmland.com\/corporate\/nyheter\/whats-nxt-framtidsbarometern-mellan-hopp-och-fortret\/","title":{"rendered":"What&#8217;s nxt: Framtidsbarometern &#8211; mellan hopp och f\u00f6rtret"},"content":{"rendered":"\n<p>Ny artikel fr\u00e5n Kairos Future om vaccin, distansarbete, sommarens mittspridning \u2014 och hur blir det till h\u00f6sten?<\/p>\n\n\n\n<p>Efter att vaccinationerna mot covid-19 satte ig\u00e5ng vid \u00e5rsskiftet har inga dramatiska nyheter infunnit sig p\u00e5 coronavirus-fronten. Vi v\u00e4ntar alltj\u00e4mt p\u00e5 att mer doser ska levereras och massvaccinationen kunna komma ig\u00e5ng \u201dp\u00e5 allvar\u201d s\u00e5 vi kan f\u00e5 slut p\u00e5 detta \u2013 helst innan sommaren, t\u00e4nker nog m\u00e5nga av oss. I en del regioner har man kunnat krypa ner i \u00e5ldersgrupperna s\u00e5 sm\u00e5tt, allteftersom de allra \u00e4ldsta blivit mestadels avklarade. Enligt Folkh\u00e4lsomyndigheten n\u00e5dde vi 1,8 miljoner doser under vecka 13 och har kommit \u00f6ver tv\u00e5 miljoner i skrivande stund. Takten i vaccinationerna \u00f6kar, om \u00e4n l\u00e5ngsamt. Hur l\u00e5ng tid kommer det h\u00e4r att ta?<\/p>\n\n\n\n<div class=\"wp-block-atheme-component-action-button atheme-wrapper--action-button-single\"><a href=\"https:\/\/www.kairosfuture.com\/se\/publikationer\/nyheter\/whats-nxt-framtidsbarometern-med-slutet-i-sikte-mellan-hopp-och-fortret\/\" target=\"_self\" class=\"a-action a-action--arrow\" rel=\"noopener\"><span>L\u00e4s artikeln<\/span><\/a><\/div>\n","protected":false},"author":3,"featured_media":0,"template":"","class_list":["post-935","news","type-news","status-publish","hentry"],"acf":[],"lang":"sv","translations":{"sv":935},"pll_sync_post":[],"_links":{"self":[{"href":"https:\/\/www.visitvarmland.com\/corporate\/wp-json\/wp\/v2\/news\/935","targetHints":{"allow":["GET"]}}],"collection":[{"href":"https:\/\/www.visitvarmland.com\/corporate\/wp-json\/wp\/v2\/news"}],"about":[{"href":"https:\/\/www.visitvarmland.com\/corporate\/wp-json\/wp\/v2\/types\/news"}],"author":[{"embeddable":true,"href":"https:\/\/www.visitvarmland.com\/corporate\/wp-json\/wp\/v2\/users\/3"}],"wp:attachment":[{"href":"https:\/\/www.visitvarmland.com\/corporate\/wp-json\/wp\/v2\/media?parent=935"}],"curies":[{"name":"wp","href":"https:\/\/api.w.org\/{rel}","templated":true}]}}