{"id":576,"date":"2025-03-20T08:41:10","date_gmt":"2025-03-20T07:41:10","guid":{"rendered":"https:\/\/www.visitvarmland.com\/degerfors\/?post_type=articles&#038;p=576"},"modified":"2025-03-20T08:41:11","modified_gmt":"2025-03-20T07:41:11","slug":"se-och-gora-i-degerfors","status":"publish","type":"articles","link":"https:\/\/www.visitvarmland.com\/degerfors\/tips-och-guider\/se-och-gora-i-degerfors\/","title":{"rendered":"Se och g\u00f6ra i Degerfors"},"content":{"rendered":"\n<figure class=\"wp-block-gallery has-nested-images columns-default is-cropped wp-block-gallery-1 is-layout-flex wp-block-gallery-is-layout-flex\">\n<figure class=\"wp-block-image size-large\"><img loading=\"lazy\" decoding=\"async\" width=\"1203\" height=\"1925\" data-id=\"582\" src=\"https:\/\/www.visitvarmland.com\/degerfors\/wp-content\/uploads\/sites\/3\/2025\/03\/IMG20240711120413-original-1375132-edited-2.jpg\" alt=\"\" class=\"wp-image-582\" srcset=\"https:\/\/www.visitvarmland.com\/app\/uploads\/sites\/3\/2025\/03\/IMG20240711120413-original-1375132-edited-2.jpg 1203w, https:\/\/www.visitvarmland.com\/app\/uploads\/sites\/3\/2025\/03\/IMG20240711120413-original-1375132-edited-2-187x300.jpg 187w, https:\/\/www.visitvarmland.com\/app\/uploads\/sites\/3\/2025\/03\/IMG20240711120413-original-1375132-edited-2-640x1024.jpg 640w, https:\/\/www.visitvarmland.com\/app\/uploads\/sites\/3\/2025\/03\/IMG20240711120413-original-1375132-edited-2-768x1229.jpg 768w, https:\/\/www.visitvarmland.com\/app\/uploads\/sites\/3\/2025\/03\/IMG20240711120413-original-1375132-edited-2-960x1536.jpg 960w, https:\/\/www.visitvarmland.com\/app\/uploads\/sites\/3\/2025\/03\/IMG20240711120413-original-1375132-edited-2-94x150.jpg 94w, https:\/\/www.visitvarmland.com\/app\/uploads\/sites\/3\/2025\/03\/IMG20240711120413-original-1375132-edited-2-375x600.jpg 375w\" sizes=\"auto, (max-width: 1203px) 100vw, 1203px\" \/><\/figure>\n\n\n\n<figure class=\"wp-block-image size-large\"><img loading=\"lazy\" decoding=\"async\" width=\"640\" height=\"1024\" data-id=\"584\" src=\"https:\/\/www.visitvarmland.com\/degerfors\/wp-content\/uploads\/sites\/3\/2025\/03\/Stora-Valla-10-original-369153-edited-640x1024.jpg\" alt=\"\" class=\"wp-image-584\" srcset=\"https:\/\/www.visitvarmland.com\/app\/uploads\/sites\/3\/2025\/03\/Stora-Valla-10-original-369153-edited-640x1024.jpg 640w, https:\/\/www.visitvarmland.com\/app\/uploads\/sites\/3\/2025\/03\/Stora-Valla-10-original-369153-edited-188x300.jpg 188w, https:\/\/www.visitvarmland.com\/app\/uploads\/sites\/3\/2025\/03\/Stora-Valla-10-original-369153-edited-768x1229.jpg 768w, https:\/\/www.visitvarmland.com\/app\/uploads\/sites\/3\/2025\/03\/Stora-Valla-10-original-369153-edited-960x1536.jpg 960w, https:\/\/www.visitvarmland.com\/app\/uploads\/sites\/3\/2025\/03\/Stora-Valla-10-original-369153-edited-1280x2048.jpg 1280w, https:\/\/www.visitvarmland.com\/app\/uploads\/sites\/3\/2025\/03\/Stora-Valla-10-original-369153-edited-94x150.jpg 94w, https:\/\/www.visitvarmland.com\/app\/uploads\/sites\/3\/2025\/03\/Stora-Valla-10-original-369153-edited-375x600.jpg 375w, https:\/\/www.visitvarmland.com\/app\/uploads\/sites\/3\/2025\/03\/Stora-Valla-10-original-369153-edited.jpg 1600w\" sizes=\"auto, (max-width: 640px) 100vw, 640px\" \/><\/figure>\n\n\n\n<figure class=\"wp-block-image size-large\"><img loading=\"lazy\" decoding=\"async\" width=\"640\" height=\"1024\" data-id=\"583\" src=\"https:\/\/www.visitvarmland.com\/degerfors\/wp-content\/uploads\/sites\/3\/2025\/03\/IMG20240711115527-original-1375133-edited-640x1024.jpg\" alt=\"\" class=\"wp-image-583\" srcset=\"https:\/\/www.visitvarmland.com\/app\/uploads\/sites\/3\/2025\/03\/IMG20240711115527-original-1375133-edited-640x1024.jpg 640w, https:\/\/www.visitvarmland.com\/app\/uploads\/sites\/3\/2025\/03\/IMG20240711115527-original-1375133-edited-187x300.jpg 187w, https:\/\/www.visitvarmland.com\/app\/uploads\/sites\/3\/2025\/03\/IMG20240711115527-original-1375133-edited-768x1229.jpg 768w, https:\/\/www.visitvarmland.com\/app\/uploads\/sites\/3\/2025\/03\/IMG20240711115527-original-1375133-edited-960x1536.jpg 960w, https:\/\/www.visitvarmland.com\/app\/uploads\/sites\/3\/2025\/03\/IMG20240711115527-original-1375133-edited-94x150.jpg 94w, https:\/\/www.visitvarmland.com\/app\/uploads\/sites\/3\/2025\/03\/IMG20240711115527-original-1375133-edited-375x600.jpg 375w, https:\/\/www.visitvarmland.com\/app\/uploads\/sites\/3\/2025\/03\/IMG20240711115527-original-1375133-edited.jpg 1203w\" sizes=\"auto, (max-width: 640px) 100vw, 640px\" \/><\/figure>\n<\/figure>\n\n\n\n<p><\/p>\n\n\n\n<h2 class=\"wp-block-heading\">Fotbollsmecka i V\u00e4rmland \u2013 h\u00e4r finns Sveriges enda Fotbollsmuseum<\/h2>\n\n\n\n<p>I Degerfors m\u00e4rks fotbollens n\u00e4rvaro alltid av. H\u00e4r kan du kolla p\u00e5 h\u00f6gklassiga matcher men \u00e4ven bes\u00f6ka <a href=\"https:\/\/www.visitvarmland.com\/degerfors\/kultur-historia\/museum\/fotbollsmuseet\" data-type=\"link\" data-id=\"https:\/\/www.visitvarmland.com\/degerfors\/kultur-historia\/museum\/fotbollsmuseet\">Sveriges enda Fotbollsmuseum<\/a>. P\u00e5 museet f\u00e5r du en djupdykning i <a href=\"https:\/\/www.degerforsif.se\/\" data-type=\"link\" data-id=\"https:\/\/www.degerforsif.se\/\" target=\"_blank\" rel=\"noopener\">Degerfors IF:<\/a>s anrika historia. Klubben har pr\u00e4glat svensk fotboll och fostrat flera landslagsspelare som Olof Mellberg, Ola Toivonen och Andreas Andersson. Museet rymmer allt fr\u00e5n ikoniska matchtr\u00f6jor och historiska dokument till ber\u00e4ttelser om legendariska spelare som genom \u00e5ren k\u00e4mpat p\u00e5 Stora Vallas gr\u00e4s. <\/p>\n\n\n\n<div class=\"wp-block-atheme-component-action-button atheme-wrapper--action-button-single\"><a href=\"https:\/\/www.visitvarmland.com\/degerfors\/kultur-historia\/museum\/fotbollsmuseet\" target=\"_blank\" class=\"a-action a-action--arrow\" rel=\"noopener\"><span>L\u00e4s mer om Degerfors Fotbollsmuseum<\/span><\/a><\/div>\n\n\n\n<figure class=\"wp-block-gallery has-nested-images columns-default is-cropped wp-block-gallery-2 is-layout-flex wp-block-gallery-is-layout-flex\">\n<figure class=\"wp-block-image size-large\"><img loading=\"lazy\" decoding=\"async\" width=\"960\" height=\"1707\" data-id=\"594\" src=\"https:\/\/www.visitvarmland.com\/degerfors\/wp-content\/uploads\/sites\/3\/2025\/03\/Berget-46-original-369044-edited-3.jpg\" alt=\"\" class=\"wp-image-594\" srcset=\"https:\/\/www.visitvarmland.com\/app\/uploads\/sites\/3\/2025\/03\/Berget-46-original-369044-edited-3.jpg 960w, https:\/\/www.visitvarmland.com\/app\/uploads\/sites\/3\/2025\/03\/Berget-46-original-369044-edited-3-169x300.jpg 169w, https:\/\/www.visitvarmland.com\/app\/uploads\/sites\/3\/2025\/03\/Berget-46-original-369044-edited-3-576x1024.jpg 576w, https:\/\/www.visitvarmland.com\/app\/uploads\/sites\/3\/2025\/03\/Berget-46-original-369044-edited-3-768x1366.jpg 768w, https:\/\/www.visitvarmland.com\/app\/uploads\/sites\/3\/2025\/03\/Berget-46-original-369044-edited-3-864x1536.jpg 864w, https:\/\/www.visitvarmland.com\/app\/uploads\/sites\/3\/2025\/03\/Berget-46-original-369044-edited-3-84x150.jpg 84w, https:\/\/www.visitvarmland.com\/app\/uploads\/sites\/3\/2025\/03\/Berget-46-original-369044-edited-3-337x600.jpg 337w\" sizes=\"auto, (max-width: 960px) 100vw, 960px\" \/><\/figure>\n\n\n\n<figure class=\"wp-block-image size-large\"><img loading=\"lazy\" decoding=\"async\" width=\"1280\" height=\"2276\" data-id=\"595\" src=\"https:\/\/www.visitvarmland.com\/degerfors\/wp-content\/uploads\/sites\/3\/2025\/03\/Berget-21-original-369022-edited-2.jpg\" alt=\"\" class=\"wp-image-595\" srcset=\"https:\/\/www.visitvarmland.com\/app\/uploads\/sites\/3\/2025\/03\/Berget-21-original-369022-edited-2.jpg 1280w, https:\/\/www.visitvarmland.com\/app\/uploads\/sites\/3\/2025\/03\/Berget-21-original-369022-edited-2-169x300.jpg 169w, https:\/\/www.visitvarmland.com\/app\/uploads\/sites\/3\/2025\/03\/Berget-21-original-369022-edited-2-576x1024.jpg 576w, https:\/\/www.visitvarmland.com\/app\/uploads\/sites\/3\/2025\/03\/Berget-21-original-369022-edited-2-768x1366.jpg 768w, https:\/\/www.visitvarmland.com\/app\/uploads\/sites\/3\/2025\/03\/Berget-21-original-369022-edited-2-864x1536.jpg 864w, https:\/\/www.visitvarmland.com\/app\/uploads\/sites\/3\/2025\/03\/Berget-21-original-369022-edited-2-1152x2048.jpg 1152w, https:\/\/www.visitvarmland.com\/app\/uploads\/sites\/3\/2025\/03\/Berget-21-original-369022-edited-2-84x150.jpg 84w, https:\/\/www.visitvarmland.com\/app\/uploads\/sites\/3\/2025\/03\/Berget-21-original-369022-edited-2-337x600.jpg 337w\" sizes=\"auto, (max-width: 1280px) 100vw, 1280px\" \/><\/figure>\n<\/figure>\n\n\n\n<p><\/p>\n\n\n\n<h2 class=\"wp-block-heading\">Historiska anor p\u00e5 Kulturcentrum Berget<\/h2>\n\n\n\n<p>P\u00e5 <a href=\"https:\/\/www.kulturcentrumberget.com\/sv-SE\" data-type=\"link\" data-id=\"https:\/\/www.kulturcentrumberget.com\/sv-SE\" target=\"_blank\" rel=\"noopener\">Kulturcentrum Berget<\/a> m\u00f6ts historia, hantverk och kreativitet i en unik milj\u00f6. Det charmiga omr\u00e5det, bel\u00e4get i en gammal bruksmilj\u00f6 fr\u00e5n 1870-talet, rymmer allt fr\u00e5n konsthantverk och gamla verkst\u00e4der till butiker och mysiga caf\u00e9er d\u00e4r du kan sl\u00e5 dig ner f\u00f6r en go fika. F\u00f6r barnen bjuder Berget p\u00e5 uppt\u00e4cktsf\u00e4rder i Sveafallen och chans att tr\u00e4ffa g\u00e5rdens djur. H\u00e4r anordnas dessutom en m\u00e4ngd olika evenemang som musik, loppis och marknader under s\u00e5v\u00e4l sommaren som vintern. <\/p>\n\n\n\n<p>F\u00f6r kultur\u00e4lskare finns \u00e4ven <a href=\"https:\/\/www.visitvarmland.com\/degerfors\/kultur-historia\/hus-kulturmiljoer\/platser-37\/kulturslinga-i-svarta\" data-type=\"link\" data-id=\"https:\/\/www.visitvarmland.com\/degerfors\/kultur-historia\/hus-kulturmiljoer\/platser-37\/kulturslinga-i-svarta\">kulturslingan i Svart\u00e5<\/a> vilket erbjuder en unik chans att f\u00f6rdjupa sig i V\u00e4rmlands brukshistoria. Promenaden tar dig med genom en bygd d\u00e4r historien sitter inpr\u00e4ntad i de vackra j\u00e4rnbruksbyggnaderna och de gamla arbetarbost\u00e4derna. H\u00e4r kan du vandra i fotsp\u00e5ren av smeder och brukspatroner, k\u00e4nna doften av skog och vatten, och l\u00e5ta fantasin m\u00e5la upp livet som en g\u00e5ng var. Varje steg l\u00e4ngs stigen ber\u00e4ttar en historia \u2013 om industriell storhetstid, om vardagens slit och om de m\u00e4nniskor som format Svart\u00e5s sj\u00e4l.<\/p>\n\n\n\n<div class=\"wp-block-atheme-component-action-button atheme-wrapper--action-button-single\"><a href=\"https:\/\/www.kulturcentrumberget.com\/sv-SE\" target=\"_blank\" class=\"a-action a-action--arrow\" rel=\"noopener\"><span>Uppt\u00e4ck Kulturcentrum Berget och deras aktiviteter<\/span><\/a><\/div>\n\n\n\n<div class=\"wp-block-atheme-component-action-button atheme-wrapper--action-button-single\"><a href=\"https:\/\/www.visitvarmland.com\/degerfors\/kultur-historia\/hus-kulturmiljoer\/platser-37\/kulturslinga-i-svarta\" target=\"_blank\" class=\"a-action a-action--arrow\" rel=\"noopener\"><span>Utforska kulturslingan i Svart\u00e5<\/span><\/a><\/div>\n\n\n\n<figure class=\"wp-block-image size-large\"><img loading=\"lazy\" decoding=\"async\" width=\"1024\" height=\"767\" src=\"https:\/\/www.visitvarmland.com\/degerfors\/wp-content\/uploads\/sites\/3\/2025\/03\/Dressinbana-Pernilla-original-1257758-1024x767.jpg\" alt=\"\" class=\"wp-image-572\" style=\"aspect-ratio:4\/3;object-fit:cover\" srcset=\"https:\/\/www.visitvarmland.com\/app\/uploads\/sites\/3\/2025\/03\/Dressinbana-Pernilla-original-1257758-1024x767.jpg 1024w, https:\/\/www.visitvarmland.com\/app\/uploads\/sites\/3\/2025\/03\/Dressinbana-Pernilla-original-1257758-300x225.jpg 300w, https:\/\/www.visitvarmland.com\/app\/uploads\/sites\/3\/2025\/03\/Dressinbana-Pernilla-original-1257758-768x575.jpg 768w, https:\/\/www.visitvarmland.com\/app\/uploads\/sites\/3\/2025\/03\/Dressinbana-Pernilla-original-1257758-1536x1151.jpg 1536w\" sizes=\"auto, (max-width: 1024px) 100vw, 1024px\" \/><\/figure>\n\n\n\n<p><\/p>\n\n\n\n<h2 class=\"wp-block-heading\">Ta en tur p\u00e5 dressinbanan<\/h2>\n\n\n\n<p>F\u00f6rest\u00e4ll dig att du trampar fram genom lummiga skogar och \u00f6ppna landskap, vinden i h\u00e5ret och ljudet av dressinhjulen som rullar \u00f6ver de gamla j\u00e4rnv\u00e4gssp\u00e5ren. Dressinturen fr\u00e5n \u00c4ngeb\u00e4ck tar dig med p\u00e5 en resa genom tid och natur, d\u00e4r du f\u00f6ljer de historiska linjerna fr\u00e5n Trel\u00e4nsbanan och Otterb\u00e4cksbanan. En g\u00e5ng i tiden var detta puls\u00e5dror f\u00f6r j\u00e4rnindustrin, nu \u00e4r det en fridfull f\u00e4rdv\u00e4g genom vackra V\u00e4rmland. H\u00e4r f\u00e5r du chansen att uppleva Degerfors p\u00e5 ett annorlunda s\u00e4tt, i din egen takt, med tid att stanna, andas och ta in den omgivande naturen.<\/p>\n\n\n\n<div class=\"wp-block-atheme-component-action-button atheme-wrapper--action-button-single\"><a href=\"https:\/\/www.visitvarmland.com\/degerfors\/aktiviteter\/dressin-degerfors-fran-angeback-trelansbanan-otterbacksbanan\/\" target=\"_blank\" class=\"a-action a-action--arrow\" rel=\"noopener\"><span>L\u00e4s mer om dressinbanan genom Degerfors<\/span><\/a><\/div>\n\n\n\n<figure class=\"wp-block-gallery has-nested-images columns-default is-cropped wp-block-gallery-3 is-layout-flex wp-block-gallery-is-layout-flex\">\n<figure class=\"wp-block-image size-large\"><img loading=\"lazy\" decoding=\"async\" width=\"850\" height=\"850\" data-id=\"490\" src=\"https:\/\/www.visitvarmland.com\/degerfors\/wp-content\/uploads\/sites\/3\/2023\/11\/Vandra-vid-Gryten-i-Degerfors.jpeg\" alt=\"\" class=\"wp-image-490\" srcset=\"https:\/\/www.visitvarmland.com\/app\/uploads\/sites\/3\/2023\/11\/Vandra-vid-Gryten-i-Degerfors.jpeg 850w, https:\/\/www.visitvarmland.com\/app\/uploads\/sites\/3\/2023\/11\/Vandra-vid-Gryten-i-Degerfors-300x300.jpeg 300w, https:\/\/www.visitvarmland.com\/app\/uploads\/sites\/3\/2023\/11\/Vandra-vid-Gryten-i-Degerfors-150x150.jpeg 150w, https:\/\/www.visitvarmland.com\/app\/uploads\/sites\/3\/2023\/11\/Vandra-vid-Gryten-i-Degerfors-768x768.jpeg 768w, https:\/\/www.visitvarmland.com\/app\/uploads\/sites\/3\/2023\/11\/Vandra-vid-Gryten-i-Degerfors-12x12.jpeg 12w, https:\/\/www.visitvarmland.com\/app\/uploads\/sites\/3\/2023\/11\/Vandra-vid-Gryten-i-Degerfors-600x600.jpeg 600w\" sizes=\"auto, (max-width: 850px) 100vw, 850px\" \/><\/figure>\n\n\n\n<figure class=\"wp-block-image size-large\"><img loading=\"lazy\" decoding=\"async\" width=\"1005\" height=\"1024\" data-id=\"558\" src=\"https:\/\/www.visitvarmland.com\/degerfors\/wp-content\/uploads\/sites\/3\/2025\/03\/Gryten-Pernilla-7-original-1257716-webb-1005x1024.jpg\" alt=\"\" class=\"wp-image-558\" srcset=\"https:\/\/www.visitvarmland.com\/app\/uploads\/sites\/3\/2025\/03\/Gryten-Pernilla-7-original-1257716-webb-1005x1024.jpg 1005w, https:\/\/www.visitvarmland.com\/app\/uploads\/sites\/3\/2025\/03\/Gryten-Pernilla-7-original-1257716-webb-294x300.jpg 294w, https:\/\/www.visitvarmland.com\/app\/uploads\/sites\/3\/2025\/03\/Gryten-Pernilla-7-original-1257716-webb-768x782.jpg 768w\" sizes=\"auto, (max-width: 1005px) 100vw, 1005px\" \/><\/figure>\n\n\n\n<figure class=\"wp-block-image size-large\"><img loading=\"lazy\" decoding=\"async\" width=\"1708\" height=\"1707\" data-id=\"596\" src=\"https:\/\/www.visitvarmland.com\/degerfors\/wp-content\/uploads\/sites\/3\/2025\/03\/Gallen-050-original-371718-webb-edited.jpg\" alt=\"\" class=\"wp-image-596\" srcset=\"https:\/\/www.visitvarmland.com\/app\/uploads\/sites\/3\/2025\/03\/Gallen-050-original-371718-webb-edited.jpg 1708w, https:\/\/www.visitvarmland.com\/app\/uploads\/sites\/3\/2025\/03\/Gallen-050-original-371718-webb-edited-300x300.jpg 300w, https:\/\/www.visitvarmland.com\/app\/uploads\/sites\/3\/2025\/03\/Gallen-050-original-371718-webb-edited-1024x1024.jpg 1024w, https:\/\/www.visitvarmland.com\/app\/uploads\/sites\/3\/2025\/03\/Gallen-050-original-371718-webb-edited-150x150.jpg 150w, https:\/\/www.visitvarmland.com\/app\/uploads\/sites\/3\/2025\/03\/Gallen-050-original-371718-webb-edited-768x768.jpg 768w, https:\/\/www.visitvarmland.com\/app\/uploads\/sites\/3\/2025\/03\/Gallen-050-original-371718-webb-edited-1536x1536.jpg 1536w, https:\/\/www.visitvarmland.com\/app\/uploads\/sites\/3\/2025\/03\/Gallen-050-original-371718-webb-edited-600x600.jpg 600w, https:\/\/www.visitvarmland.com\/app\/uploads\/sites\/3\/2025\/03\/Gallen-050-original-371718-webb-edited-400x400.jpg 400w\" sizes=\"auto, (max-width: 1708px) 100vw, 1708px\" \/><\/figure>\n\n\n\n<figure class=\"wp-block-image size-large\"><img loading=\"lazy\" decoding=\"async\" width=\"850\" height=\"850\" data-id=\"481\" src=\"https:\/\/www.visitvarmland.com\/degerfors\/wp-content\/uploads\/sites\/3\/2023\/10\/fiska-i-degerfors.jpeg\" alt=\"\" class=\"wp-image-481\" srcset=\"https:\/\/www.visitvarmland.com\/app\/uploads\/sites\/3\/2023\/10\/fiska-i-degerfors.jpeg 850w, https:\/\/www.visitvarmland.com\/app\/uploads\/sites\/3\/2023\/10\/fiska-i-degerfors-300x300.jpeg 300w, https:\/\/www.visitvarmland.com\/app\/uploads\/sites\/3\/2023\/10\/fiska-i-degerfors-150x150.jpeg 150w, https:\/\/www.visitvarmland.com\/app\/uploads\/sites\/3\/2023\/10\/fiska-i-degerfors-768x768.jpeg 768w, https:\/\/www.visitvarmland.com\/app\/uploads\/sites\/3\/2023\/10\/fiska-i-degerfors-12x12.jpeg 12w, https:\/\/www.visitvarmland.com\/app\/uploads\/sites\/3\/2023\/10\/fiska-i-degerfors-600x600.jpeg 600w\" sizes=\"auto, (max-width: 850px) 100vw, 850px\" \/><\/figure>\n<\/figure>\n\n\n\n<p><\/p>\n\n\n\n<h2 class=\"wp-block-heading\">Ut p\u00e5 tur i Degerfors \u2013 vart blir ditt \u00e4ventyr?<\/h2>\n\n\n\n<p>H\u00e4r finns ett stort utbud av naturupplevelser. Gillar du att vandra och utforska nya milj\u00f6er, cykla l\u00e4ngst l\u00e5nga landsv\u00e4gar eller fiska vid glittrande vatten? D\u00e5 har Degerfors n\u00e5got f\u00f6r dig. <\/p>\n\n\n\n<p>Ett popul\u00e4rt bes\u00f6ksm\u00e5l av s\u00e5v\u00e4l stora som sm\u00e5 \u00e4r <a href=\"https:\/\/www.visitvarmland.com\/degerfors\/aktiviteter\/vandra\/sveafallen-naturreservat\" data-type=\"link\" data-id=\"https:\/\/www.visitvarmland.com\/degerfors\/aktiviteter\/vandra\/sveafallen-naturreservat\">Sveafallen Naturreservat<\/a>. H\u00e4r kliver du rakt in i en ur\u00e5ldrig ber\u00e4ttelse d\u00e4r inlandsisen en g\u00e5ng drog sig tillbaka och l\u00e4mnade efter sig dramatiska sprickdalar, j\u00e4ttegrytor och klippformationer som vittnar om tidens g\u00e5ng. Stigarna slingrar sig genom mossbekl\u00e4dda skogar och \u00f6ppnar upp mot spegelblanka sj\u00f6ar, d\u00e4r du kan stanna upp och lyssna till naturens stilla viskningar. Sveafallen \u00e4r en plats d\u00e4r du b\u00e5de kan k\u00e4nna historiens vingslag och finna ro i naturens n\u00e4rhet \u2013 en vandringsupplevelse som dr\u00f6jer sig kvar l\u00e5ngt efter att du l\u00e4mnat stigen bakom dig.<\/p>\n\n\n\n<p>Du kan sedan forts\u00e4tta din resa till glittrande sj\u00f6ar och fiskrika vatten. H\u00e4r kan du kasta ut linan i allt fr\u00e5n stilla sm\u00e5sj\u00f6ar till de st\u00f6rre vattnen M\u00f6ckeln och Storbj\u00f6rken. Vad f\u00e5r du p\u00e5 kroken? I Storbj\u00f6rken och \u00d6len v\u00e4ntar \u00e4ventyrliga fisketurer d\u00e4r du kan f\u00e5nga gullsp\u00e5ngs\u00f6ring, r\u00f6ding och g\u00f6s. Med flera b\u00e5til\u00e4ggningsplatser och fyra tillg\u00e4nglighetsanpassade fiskeplatser finns det n\u00e5got f\u00f6r alla.<\/p>\n\n\n\n<div class=\"wp-block-atheme-component-action-button atheme-wrapper--action-button-single\"><a href=\"https:\/\/www.visitvarmland.com\/degerfors\/vandra-i-degerfors\/\" target=\"_blank\" class=\"a-action a-action--arrow\" rel=\"noopener\"><span>Uppt\u00e4ck Degerfors utbud av vandringsleder<\/span><\/a><\/div>\n\n\n\n<div class=\"wp-block-atheme-component-action-button atheme-wrapper--action-button-single\"><a href=\"https:\/\/www.visitvarmland.com\/degerfors\/fiska-i-degerfors\/\" target=\"_blank\" class=\"a-action a-action--arrow\" rel=\"noopener\"><span>Utforska Degerfors fiskevatten<\/span><\/a><\/div>\n\n\n\n    <div class=\"cards-section-top\">\n                <h2>Aktiviteter<\/h2>\n        <a class=\"a-button\" href=\"\/aktiviteter\">Visa alla<\/a>\n    <\/div>\n    <section class=\"cards-section-wrapper\">\n        <div class=\"cards-section-slide\">\n            <!-- Card wrapper -->\n<article class=\"a-card a-card--turid\" link-finder     >\n                <div class=\"a-card__image a-card--turid__image\">\n                <div class=\"bg-img\" style=\"background-image:url(https:\/\/img.turid.visitvarmland.com\/0275c989-a671-4973-8614-1c65b7ef6f7d\/degerfors-fotbollsmuseum-trojor.jpeg?q=80&#038;fit=crop&#038;w=300&#038;h=210&#038;v=1&#038;);\"><\/div>\n            <\/div>\n                        <h2 class=\"a-card__title a-card--turid__title\"><a href=\"https:\/\/www.visitvarmland.com\/degerfors\/kultur-historia\/museum\/fotbollsmuseet\" data-no-translation>Fotbollsmuseet<\/a><\/h2>\n                        <div class=\"a-card__content a-card--turid__content\">Sveriges enda Fotbollsmuseum ligger i Degerfors! En plats&hellip;<\/div>\n                        <div class=\"a-card__bottom-wrapper a-card--turid__bottom-wrapper\" style=\"background-image:url();\">                            <div class=\"a-card__favorite a-card--turid__favorite\"><i class=\"fal fa-heart\"><\/i><\/div>\n                        <div class=\"a-card__tag a-card--turid__tag\"><!-- Button wrapper -->\n\n<a class=\"a-tag a-tag--small\" href=\"https:\/\/www.visitvarmland.com\/kultur-historia\/museum\" target=\"_self\">\n    <span class='a-card--divider'>Museum<\/span>\n    <\/a><\/div>\n                        <\/div>\n            <\/article><!-- Card wrapper -->\n<article class=\"a-card a-card--turid\" link-finder     >\n                <div class=\"a-card__image a-card--turid__image\">\n                <div class=\"bg-img\" style=\"background-image:url(https:\/\/img.turid.visitvarmland.com\/56e8624d-e7d6-4aff-b84c-d8b16a4f5405\/domedagsdalen-klattring-sveafallen.jpeg?q=80&#038;fit=crop&#038;w=300&#038;h=210&#038;v=1&#038;);\"><\/div>\n            <\/div>\n                        <h2 class=\"a-card__title a-card--turid__title\"><a href=\"https:\/\/www.visitvarmland.com\/degerfors\/aktiviteter\/vandra\/sveafallen-naturreservat\" data-no-translation>Sveafallen &#8211; Naturreservat<\/a><\/h2>\n                        <div class=\"a-card__content a-card--turid__content\">Upplev trolsk och storslagen natur i Sveafallen med&hellip;<\/div>\n                        <div class=\"a-card__bottom-wrapper a-card--turid__bottom-wrapper\" style=\"background-image:url();\">                            <div class=\"a-card__favorite a-card--turid__favorite\"><i class=\"fal fa-heart\"><\/i><\/div>\n                        <div class=\"a-card__tag a-card--turid__tag\"><!-- Button wrapper -->\n\n<a class=\"a-tag a-tag--small\" href=\"https:\/\/www.visitvarmland.com\/aktiviteter\/vandra\" target=\"_self\">\n    <span class='a-card--divider'>Vandra<\/span>\n    <\/a><\/div>\n                        <\/div>\n            <\/article><!-- Card wrapper -->\n<article class=\"a-card a-card--turid\" link-finder     >\n                <div class=\"a-card__image a-card--turid__image\">\n                <div class=\"bg-img\" style=\"background-image:url(https:\/\/img.turid.visitvarmland.com\/legacy\/Degerfors\/smedjan.jpeg?q=80&#038;fit=crop&#038;w=300&#038;h=210&#038;v=1&#038;);\"><\/div>\n            <\/div>\n                        <h2 class=\"a-card__title a-card--turid__title\"><a href=\"https:\/\/www.visitvarmland.com\/degerfors\/kultur-historia\/natursevardheter\/smedjan-pa-kulturcentrum-berget\" data-no-translation>Smedjan p\u00e5 Kulturcentrum Berget<\/a><\/h2>\n                        <div class=\"a-card__content a-card--turid__content\">Smederna p\u00e5 Kulturcentrum Berget i Degerfors visar er&hellip;<\/div>\n                        <div class=\"a-card__bottom-wrapper a-card--turid__bottom-wrapper\" style=\"background-image:url();\">                            <div class=\"a-card__favorite a-card--turid__favorite\"><i class=\"fal fa-heart\"><\/i><\/div>\n                        <div class=\"a-card__tag a-card--turid__tag\"><!-- Button wrapper -->\n\n<a class=\"a-tag a-tag--small\" href=\"https:\/\/www.visitvarmland.com\/kultur-historia\/natursevardheter\" target=\"_self\">\n    <span class='a-card--divider'>Natursev\u00e4rdheter<\/span>\n    <\/a><\/div>\n                        <\/div>\n            <\/article><!-- Card wrapper -->\n<article class=\"a-card a-card--turid\" link-finder     >\n                <div class=\"a-card__image a-card--turid__image\">\n                <div class=\"bg-img\" style=\"background-image:url(https:\/\/img.turid.visitvarmland.com\/legacy\/Degerfors\/Dressin.jpeg?q=80&#038;fit=crop&#038;w=300&#038;h=210&#038;v=1&#038;);\"><\/div>\n            <\/div>\n                        <h2 class=\"a-card__title a-card--turid__title\"><a href=\"https:\/\/www.visitvarmland.com\/degerfors\/aktiviteter\/dressin-degerfors-fran-angeback-trelansbanan-otterbacksbanan\" data-no-translation>Ta dressinen genom Degerfors<\/a><\/h2>\n                        <div class=\"a-card__content a-card--turid__content\">Trampa dressin genom tre l\u00e4n tillsammans med v\u00e4nner&hellip;<\/div>\n                        <div class=\"a-card__bottom-wrapper a-card--turid__bottom-wrapper\" style=\"background-image:url();\">                            <div class=\"a-card__favorite a-card--turid__favorite\"><i class=\"fal fa-heart\"><\/i><\/div>\n                        <div class=\"a-card__tag a-card--turid__tag\"><!-- Button wrapper -->\n\n<a class=\"a-tag a-tag--small\" href=\"https:\/\/www.visitvarmland.com\/aktiviteter\" target=\"_self\">\n    <span class='a-card--divider'>Aktiviteter<\/span>\n    <\/a><\/div>\n                        <\/div>\n            <\/article>        <\/div>\n        <button class=\"hero-scroll-icon section-scroll-side\" aria-label=\"Next\" aria-hidden=\"true\" tabindex=\"-1\">\n            <div class=\"pre-icon-dot\"><\/div>\n            <div class=\"pre-icon-dot\"><\/div>\n            <i class=\"fal fa-long-arrow-down\" aria-hidden=\"true\"><\/i>\n        <\/button>\n        <button class=\"hero-scroll-icon section-scroll-side-left section-scroll-side-left-hidden\" aria-label=\"Previous\" aria-hidden=\"true\" tabindex=\"-1\">\n            <div class=\"pre-icon-dot\"><\/div>\n            <div class=\"pre-icon-dot\"><\/div>\n            <i class=\"fal fa-long-arrow-down\" aria-hidden=\"true\"><\/i>\n        <\/button>\n    <\/section>\n\n\n","protected":false},"author":410,"featured_media":0,"parent":0,"menu_order":0,"template":"","class_list":["post-576","articles","type-articles","status-publish","hentry"],"acf":[],"lang":"sv","translations":{"sv":576},"pll_sync_post":[],"_links":{"self":[{"href":"https:\/\/www.visitvarmland.com\/degerfors\/wp-json\/wp\/v2\/articles\/576","targetHints":{"allow":["GET"]}}],"collection":[{"href":"https:\/\/www.visitvarmland.com\/degerfors\/wp-json\/wp\/v2\/articles"}],"about":[{"href":"https:\/\/www.visitvarmland.com\/degerfors\/wp-json\/wp\/v2\/types\/articles"}],"author":[{"embeddable":true,"href":"https:\/\/www.visitvarmland.com\/degerfors\/wp-json\/wp\/v2\/users\/410"}],"wp:attachment":[{"href":"https:\/\/www.visitvarmland.com\/degerfors\/wp-json\/wp\/v2\/media?parent=576"}],"curies":[{"name":"wp","href":"https:\/\/api.w.org\/{rel}","templated":true}]}}