{"id":698,"date":"2025-02-13T11:30:06","date_gmt":"2025-02-13T10:30:06","guid":{"rendered":"https:\/\/www.visitvarmland.com\/eda\/?post_type=articles&#038;p=698"},"modified":"2025-02-13T11:38:48","modified_gmt":"2025-02-13T10:38:48","slug":"se-och-gora-i-eda","status":"publish","type":"articles","link":"https:\/\/www.visitvarmland.com\/eda\/en\/tips-and-guides\/se-och-gora-i-eda\/","title":{"rendered":"Se och g\u00f6ra i Eda"},"content":{"rendered":"\n<p>In Eda, scenic hiking trails meet snowy ski slopes and tranquil lakes. Here, you&#8217;ll also find the three towns of Charlottenberg, \u00c5motfors, and Koppom, which offer both shopping and culture alongside nature experiences.<\/p>\n\n\n\n<figure class=\"wp-block-image size-large\"><img loading=\"lazy\" decoding=\"async\" width=\"991\" height=\"1024\" src=\"https:\/\/www.visitvarmland.com\/eda\/wp-content\/uploads\/sites\/4\/2023\/08\/Sommarhimmel_MickaelE-991x1024.jpg\" alt=\"\" class=\"wp-image-313\" style=\"aspect-ratio:4\/3;object-fit:cover\" srcset=\"https:\/\/www.visitvarmland.com\/app\/uploads\/sites\/4\/2023\/08\/Sommarhimmel_MickaelE-991x1024.jpg 991w, https:\/\/www.visitvarmland.com\/app\/uploads\/sites\/4\/2023\/08\/Sommarhimmel_MickaelE-290x300.jpg 290w, https:\/\/www.visitvarmland.com\/app\/uploads\/sites\/4\/2023\/08\/Sommarhimmel_MickaelE-768x794.jpg 768w, https:\/\/www.visitvarmland.com\/app\/uploads\/sites\/4\/2023\/08\/Sommarhimmel_MickaelE-1486x1536.jpg 1486w, https:\/\/www.visitvarmland.com\/app\/uploads\/sites\/4\/2023\/08\/Sommarhimmel_MickaelE-1982x2048.jpg 1982w, https:\/\/www.visitvarmland.com\/app\/uploads\/sites\/4\/2023\/08\/Sommarhimmel_MickaelE-12x12.jpg 12w, https:\/\/www.visitvarmland.com\/app\/uploads\/sites\/4\/2023\/08\/Sommarhimmel_MickaelE-145x150.jpg 145w, https:\/\/www.visitvarmland.com\/app\/uploads\/sites\/4\/2023\/08\/Sommarhimmel_MickaelE-581x600.jpg 581w\" sizes=\"auto, (max-width: 991px) 100vw, 991px\" \/><\/figure>\n\n\n\n<p><\/p>\n\n\n\n<h2 class=\"wp-block-heading\"><strong>Nature Calls \u2013 All Year Round<\/strong><\/h2>\n\n\n\n<p>In Eda, nature is never far away. With its 12 nature reserves, there are plenty of places to explore. A popular destination is <a href=\"https:\/\/www.visitvarmland.com\/eda\/tallmon-naturreservat\" data-type=\"link\" data-id=\"https:\/\/www.visitvarmland.com\/eda\/tallmon-naturreservat\">Tallmon Nature Reserve<\/a> in Charlottenberg, just a stone&#8217;s throw from the shopping streets. Here, you can walk along winding paths, use the outdoor gym, or warm up in the cabin on colder days. Another popular reserve is <a href=\"https:\/\/www.visitvarmland.com\/eda\/produkter\/aktiviteter\/vandra\/glaskogens-naturreservat-101003\">Glaskogen Nature Reserve<\/a>, which is also the largest in V\u00e4rmland. Glaskogen offers 300 km of hiking trails, ranging from easy day trips to multi-day hikes with overnight stays in shelters or cabins. There are also beautiful canoe routes and fishing opportunities.<\/p>\n\n\n\n<div class=\"wp-block-atheme-component-facts atheme-wrapper\"><div class=\"atheme-facts\" style=\"background-color:rgb(235,214,153)\"><h3>Tip for Golfers!<\/h3><p>Eda is also home to the <a href=\"https:\/\/www.visitvarmland.se\/sv\/gora\/eda-golfklubb-noresund-29459\" target=\"_blank\" rel=\"noopener\">Eda Golf Club<\/a> with 18 holes and stunning lake views.<\/p><\/div><\/div>\n\n\n\n<figure class=\"wp-block-image size-full\"><img loading=\"lazy\" decoding=\"async\" width=\"1000\" height=\"665\" src=\"https:\/\/www.visitvarmland.com\/eda\/wp-content\/uploads\/sites\/4\/2023\/06\/kajaker.jpg\" alt=\"\" class=\"wp-image-252\" style=\"aspect-ratio:4\/3;object-fit:cover\" srcset=\"https:\/\/www.visitvarmland.com\/app\/uploads\/sites\/4\/2023\/06\/kajaker.jpg 1000w, https:\/\/www.visitvarmland.com\/app\/uploads\/sites\/4\/2023\/06\/kajaker-300x200.jpg 300w, https:\/\/www.visitvarmland.com\/app\/uploads\/sites\/4\/2023\/06\/kajaker-768x511.jpg 768w, https:\/\/www.visitvarmland.com\/app\/uploads\/sites\/4\/2023\/06\/kajaker-18x12.jpg 18w, https:\/\/www.visitvarmland.com\/app\/uploads\/sites\/4\/2023\/06\/kajaker-150x100.jpg 150w, https:\/\/www.visitvarmland.com\/app\/uploads\/sites\/4\/2023\/06\/kajaker-600x399.jpg 600w\" sizes=\"auto, (max-width: 1000px) 100vw, 1000px\" \/><\/figure>\n\n\n\n<p>During the summer, <a href=\"https:\/\/www.visitvarmland.com\/eda\/badplats-vallen-haljeboda\" data-type=\"link\" data-id=\"https:\/\/www.visitvarmland.com\/eda\/badplats-vallen-haljeboda\">H\u00e4ljeboda<\/a> and Skillingsfors attract visitors with perfect waters for paddling. Prefer hiking? The <a href=\"https:\/\/www.visitvarmland.com\/eda\/pilgrimsleden-vastra-varmland-eda\" data-type=\"link\" data-id=\"https:\/\/www.visitvarmland.com\/eda\/pilgrimsleden-vastra-varmland-eda\">Pilgrimsleden V\u00e4stra V\u00e4rmland<\/a> winds through Eda along the old railway embankment between Koppom and Skillingsfors, offering scenic surroundings. Near the Pilgrimsleden and Skillingmark&#8217;s church, there&#8217;s a delightful waffle caf\u00e9. A stop at the <a href=\"https:\/\/www.visitvarmland.com\/eda\/mat-dryck\/kafe-bageri\/vaffelcafe-pa-bruksgarden\" data-type=\"link\" data-id=\"https:\/\/www.visitvarmland.com\/eda\/mat-dryck\/kafe-bageri\/vaffelcafe-pa-bruksgarden\">Skillingsfors Waffle Caf\u00e9<\/a> is a must \u2013 freshly made waffles never taste as good as after a hike.<\/p>\n\n\n\n<figure class=\"wp-block-image size-large\"><img loading=\"lazy\" decoding=\"async\" width=\"762\" height=\"1024\" src=\"https:\/\/www.visitvarmland.com\/eda\/wp-content\/uploads\/sites\/4\/2024\/12\/7-Valfjallet-762x1024.jpg\" alt=\"\" class=\"wp-image-366\" style=\"aspect-ratio:4\/3;object-fit:cover\" srcset=\"https:\/\/www.visitvarmland.com\/app\/uploads\/sites\/4\/2024\/12\/7-Valfjallet-762x1024.jpg 762w, https:\/\/www.visitvarmland.com\/app\/uploads\/sites\/4\/2024\/12\/7-Valfjallet-223x300.jpg 223w, https:\/\/www.visitvarmland.com\/app\/uploads\/sites\/4\/2024\/12\/7-Valfjallet-768x1032.jpg 768w, https:\/\/www.visitvarmland.com\/app\/uploads\/sites\/4\/2024\/12\/7-Valfjallet-112x150.jpg 112w, https:\/\/www.visitvarmland.com\/app\/uploads\/sites\/4\/2024\/12\/7-Valfjallet-446x600.jpg 446w, https:\/\/www.visitvarmland.com\/app\/uploads\/sites\/4\/2024\/12\/7-Valfjallet.jpg 919w\" sizes=\"auto, (max-width: 762px) 100vw, 762px\" \/><\/figure>\n\n\n\n<p>When the snow falls, Eda transforms into a winter paradise. <a href=\"https:\/\/www.valfjallet.se\/vinter\/skidakning\/oppettider-vintern-2024-25\" data-type=\"link\" data-id=\"https:\/\/www.valfjallet.se\/vinter\/skidakning\/oppettider-vintern-2024-25\" target=\"_blank\" rel=\"noopener\">Valfj\u00e4llet Skicenter<\/a> is a perfect family-friendly destination with five lifts and 12 slopes. For families with children, the mascot Valter is always a favorite. After hours on the slopes, it&#8217;s nice to relax in the restaurant for a well-deserved break.<\/p>\n\n\n\n<p>For the adventurous, <a href=\"https:\/\/www.visitvarmland.com\/eda\/bryelsegrottan\" data-type=\"link\" data-id=\"https:\/\/www.visitvarmland.com\/eda\/bryelsegrottan\">Bryelsegrottan<\/a> awaits. This is an ideal place to visit from February to April when you can step into the cave with the rock wall on one side and the icefall on the other.<\/p>\n\n\n\n<div class=\"wp-block-atheme-component-action-button atheme-wrapper--action-button-single\"><a href=\"https:\/\/www.valfjallet.se\/vinter\/skidakning\/oppettider-vintern-2024-25\" target=\"_self\" class=\"a-action a-action--arrow\" rel=\"noopener\"><span>Read more and book your visit to Valfj\u00e4llet Skicenter<\/span><\/a><\/div>\n\n\n\n<figure class=\"wp-block-image size-large\"><img loading=\"lazy\" decoding=\"async\" width=\"1024\" height=\"617\" src=\"https:\/\/www.visitvarmland.com\/eda\/wp-content\/uploads\/sites\/4\/2024\/12\/img-9036-1024x617.jpg\" alt=\"\" class=\"wp-image-407\" style=\"aspect-ratio:4\/3;object-fit:cover\" srcset=\"https:\/\/www.visitvarmland.com\/app\/uploads\/sites\/4\/2024\/12\/img-9036-1024x617.jpg 1024w, https:\/\/www.visitvarmland.com\/app\/uploads\/sites\/4\/2024\/12\/img-9036-300x181.jpg 300w, https:\/\/www.visitvarmland.com\/app\/uploads\/sites\/4\/2024\/12\/img-9036-768x463.jpg 768w, https:\/\/www.visitvarmland.com\/app\/uploads\/sites\/4\/2024\/12\/img-9036-150x90.jpg 150w, https:\/\/www.visitvarmland.com\/app\/uploads\/sites\/4\/2024\/12\/img-9036-600x362.jpg 600w, https:\/\/www.visitvarmland.com\/app\/uploads\/sites\/4\/2024\/12\/img-9036.jpg 1500w\" sizes=\"auto, (max-width: 1024px) 100vw, 1024px\" \/><\/figure>\n\n\n\n<p><\/p>\n\n\n\n<h2 class=\"wp-block-heading\"><strong>Culture with an Exciting Border History<\/strong><\/h2>\n\n\n\n<p>Eda boasts a rich cultural heritage, thanks in large part to its fascinating border history. <a href=\"https:\/\/www.visitvarmland.se\/sv\/gora\/morokulien-fredsplats-45977\" data-type=\"link\" data-id=\"https:\/\/www.visitvarmland.se\/sv\/gora\/morokulien-fredsplats-45977\" target=\"_blank\" rel=\"noopener\">The border crossing at Morokulien<\/a>, located along Highway 61\/Route 2, is the second-largest crossing between Sweden and Norway. Morokulien is best known for the <a href=\"https:\/\/www.visitvarmland.com\/eda\/fredsmonumentet-i-morokulien\" data-type=\"link\" data-id=\"https:\/\/www.visitvarmland.com\/eda\/fredsmonumentet-i-morokulien\">Peace Monument<\/a> from 1914, which was built to commemorate 100 years of peace between the two countries. From here, you can also access the <a href=\"https:\/\/www.visitvarmland.com\/eda\/aktiviteter\/vandra\/finnskogleden-2\" data-type=\"link\" data-id=\"https:\/\/www.visitvarmland.com\/eda\/aktiviteter\/vandra\/finnskogleden-2\">Finnskogleden<\/a> Trail, a 240-kilometer-long hiking path that stretches all the way to Trysil in Norway.<\/p>\n\n\n\n<figure class=\"wp-block-image size-large\"><img loading=\"lazy\" decoding=\"async\" width=\"1024\" height=\"683\" src=\"https:\/\/www.visitvarmland.com\/eda\/wp-content\/uploads\/sites\/4\/2023\/08\/IMG_9572-1-1024x683.jpg\" alt=\"\" class=\"wp-image-301\" style=\"aspect-ratio:4\/3;object-fit:cover\" srcset=\"https:\/\/www.visitvarmland.com\/app\/uploads\/sites\/4\/2023\/08\/IMG_9572-1-1024x683.jpg 1024w, https:\/\/www.visitvarmland.com\/app\/uploads\/sites\/4\/2023\/08\/IMG_9572-1-300x200.jpg 300w, https:\/\/www.visitvarmland.com\/app\/uploads\/sites\/4\/2023\/08\/IMG_9572-1-768x512.jpg 768w, https:\/\/www.visitvarmland.com\/app\/uploads\/sites\/4\/2023\/08\/IMG_9572-1-1536x1024.jpg 1536w, https:\/\/www.visitvarmland.com\/app\/uploads\/sites\/4\/2023\/08\/IMG_9572-1-2048x1365.jpg 2048w, https:\/\/www.visitvarmland.com\/app\/uploads\/sites\/4\/2023\/08\/IMG_9572-1-18x12.jpg 18w, https:\/\/www.visitvarmland.com\/app\/uploads\/sites\/4\/2023\/08\/IMG_9572-1-150x100.jpg 150w, https:\/\/www.visitvarmland.com\/app\/uploads\/sites\/4\/2023\/08\/IMG_9572-1-600x400.jpg 600w, https:\/\/www.visitvarmland.com\/app\/uploads\/sites\/4\/2023\/08\/IMG_9572-1-1200x800.jpg 1200w\" sizes=\"auto, (max-width: 1024px) 100vw, 1024px\" \/><\/figure>\n\n\n\n<p>Another historical gem is <a href=\"https:\/\/www.visitvarmland.com\/eda\/eda-skans\" data-type=\"link\" data-id=\"https:\/\/www.visitvarmland.com\/eda\/eda-skans\">Eda Skans<\/a>. Here, you can get an insight into the area&#8217;s military history and visit the <a href=\"https:\/\/www.visitvarmland.com\/eda\/eda-skans-museum\" data-type=\"link\" data-id=\"https:\/\/www.visitvarmland.com\/eda\/eda-skans-museum\">Eda Skans Museum<\/a> to learn more. The border history also lives on at the <a href=\"https:\/\/www.visitvarmland.com\/eda\/eda-glasmuseum\" data-type=\"link\" data-id=\"https:\/\/www.visitvarmland.com\/eda\/eda-glasmuseum\">Eda Glass Museum<\/a>, where you can see a selection of preserved pieces from the glassworks&#8217; production, which operated from 1835 to 1953. At the turn of the century, this was one of Sweden&#8217;s largest glassworks. Guided tours are available, and there is also a small production and sales area on-site.<\/p>\n\n\n\n<div class=\"wp-block-atheme-component-action-button atheme-wrapper--action-button-single\"><a href=\"https:\/\/www.facebook.com\/p\/Eda-skans-museum-100069793853325\/?locale=sv_SE\" target=\"_blank\" class=\"a-action a-action--arrow\" rel=\"noopener\"><span>Read more about Eda Skans and their open hours<\/span><\/a><\/div>\n\n\n\n<h2 class=\"wp-block-heading\">Have You Seen the White Moose?<\/h2>\n\n\n\n<p>If you&#8217;re lucky, you might catch a glimpse of Eda&#8217;s most mythical resident \u2013 the white moose. Around 15 of them roam freely in the area, so make sure to keep your camera close at hand!<\/p>\n\n\n\n    <div class=\"cards-section-top\">\n                <h2>Aktiviteter<\/h2>\n        <a class=\"a-button\" href=\"\/aktiviteter\">Visa alla<\/a>\n    <\/div>\n    <section class=\"cards-section-wrapper\">\n        <div class=\"cards-section-slide\">\n            <!-- Card wrapper -->\n<article class=\"a-card a-card--turid\" link-finder     >\n                <div class=\"a-card__image a-card--turid__image\">\n                <div class=\"bg-img\" style=\"background-image:url(https:\/\/img.turid.visitvarmland.com\/e118d53c-c60b-4bf1-b331-5312ee7fe706\/750-utsikt.jpg?q=80&#038;fit=crop&#038;w=300&#038;h=210&#038;v=1&#038;);\"><\/div>\n            <\/div>\n                        <h2 class=\"a-card__title a-card--turid__title\"><a href=\"https:\/\/www.visitvarmland.com\/eda\/valfjallet-skicenter\" data-no-translation>Valfj\u00e4llet Skicenter<\/a><\/h2>\n                        <div class=\"a-card__content a-card--turid__content\">Perfekt skid\u00e5kning f\u00f6r hela familjen! Nedfarter p\u00e5 upp&hellip;<\/div>\n                        <div class=\"a-card__bottom-wrapper a-card--turid__bottom-wrapper\" style=\"background-image:url();\">                            <div class=\"a-card__favorite a-card--turid__favorite\"><i class=\"fal fa-heart\"><\/i><\/div>\n                        <div class=\"a-card__tag a-card--turid__tag\"><!-- Button wrapper -->\n\n<a class=\"a-tag a-tag--small\" href=\"https:\/\/www.visitvarmland.com\/aktiviteter\/skidakning\" target=\"_self\">\n    <span class='a-card--divider'>Skid\u00e5kning<\/span>\n    <\/a><\/div>\n                        <\/div>\n            <\/article><!-- Card wrapper -->\n<article class=\"a-card a-card--turid\" link-finder     >\n                <div class=\"a-card__image a-card--turid__image\">\n                <div class=\"bg-img\" style=\"background-image:url(https:\/\/img.turid.visitvarmland.com\/legacy\/Eda\/haljeboda_vallen_2.jpeg?q=80&#038;fit=crop&#038;w=300&#038;h=210&#038;v=1&#038;);\"><\/div>\n            <\/div>\n                        <h2 class=\"a-card__title a-card--turid__title\"><a href=\"https:\/\/www.visitvarmland.com\/eda\/aktiviteter\/bada\/badplats-vallen-haljeboda\" data-no-translation>Badplats &#8211; V\u00e4llen, H\u00e4ljeboda<\/a><\/h2>\n                        <div class=\"a-card__content a-card--turid__content\">Popul\u00e4r badplats vid sj\u00f6n V\u00e4llen i H\u00e4ljeboda.<\/div>\n                        <div class=\"a-card__bottom-wrapper a-card--turid__bottom-wrapper\" style=\"background-image:url();\">                            <div class=\"a-card__favorite a-card--turid__favorite\"><i class=\"fal fa-heart\"><\/i><\/div>\n                        <div class=\"a-card__tag a-card--turid__tag\"><!-- Button wrapper -->\n\n<a class=\"a-tag a-tag--small\" href=\"https:\/\/www.visitvarmland.com\/aktiviteter\/bada\" target=\"_self\">\n    <span class='a-card--divider'>Bada<\/span>\n    <\/a><\/div>\n                        <\/div>\n            <\/article><!-- Card wrapper -->\n<article class=\"a-card a-card--turid\" link-finder     >\n                <div class=\"a-card__image a-card--turid__image\">\n                <div class=\"bg-img\" style=\"background-image:url(https:\/\/img.turid.visitvarmland.com\/legacy\/Eda\/Fiske_0.jpeg?q=80&#038;fit=crop&#038;w=300&#038;h=210&#038;v=1&#038;);\"><\/div>\n            <\/div>\n                        <h2 class=\"a-card__title a-card--turid__title\"><a href=\"https:\/\/www.visitvarmland.com\/eda\/aktiviteter\/fiska\/fiskepaket-i-skillingsfors\" data-no-translation>Fiskepaket i Skillingsfors<\/a><\/h2>\n                        <div class=\"a-card__content a-card--turid__content\">Fiskepaket med guide, varaktighet 4 timmar<\/div>\n                        <div class=\"a-card__bottom-wrapper a-card--turid__bottom-wrapper\" style=\"background-image:url();\">                            <div class=\"a-card__favorite a-card--turid__favorite\"><i class=\"fal fa-heart\"><\/i><\/div>\n                        <div class=\"a-card__tag a-card--turid__tag\"><!-- Button wrapper -->\n\n<a class=\"a-tag a-tag--small\" href=\"https:\/\/www.visitvarmland.com\/aktiviteter\/fiska\" target=\"_self\">\n    <span class='a-card--divider'>Fiska<\/span>\n    <\/a><\/div>\n                        <\/div>\n            <\/article><!-- Card wrapper -->\n<article class=\"a-card a-card--turid\" link-finder     >\n                <div class=\"a-card__image a-card--turid__image\">\n                <div class=\"bg-img\" style=\"background-image:url(https:\/\/img.turid.visitvarmland.com\/5877576f-ba2d-41c6-889f-2531338e0e6c\/pilgrimsleden-vastra-varmland.jpg?q=80&#038;fit=crop&#038;w=300&#038;h=210&#038;v=1&#038;);\"><\/div>\n            <\/div>\n                        <h2 class=\"a-card__title a-card--turid__title\"><a href=\"https:\/\/www.visitvarmland.com\/eda\/pilgrimsleden-vastra-varmland-eda\" data-no-translation>Pilgrimsleden V\u00e4stra V\u00e4rmland, Eda<\/a><\/h2>\n                        <div class=\"a-card__content a-card--turid__content\">Pilgrimsleden V\u00e4stra V\u00e4rmland f\u00f6ljer den gamla pilgrimsv\u00e4gen som&hellip;<\/div>\n                        <div class=\"a-card__bottom-wrapper a-card--turid__bottom-wrapper\" style=\"background-image:url();\">                            <div class=\"a-card__favorite a-card--turid__favorite\"><i class=\"fal fa-heart\"><\/i><\/div>\n                        <div class=\"a-card__tag a-card--turid__tag\"><!-- Button wrapper -->\n\n<a class=\"a-tag a-tag--small\" href=\"https:\/\/www.visitvarmland.com\/aktiviteter\/vandra\/leder\" target=\"_self\">\n    <span class='a-card--divider'>Leder<\/span>\n    <\/a><\/div>\n                        <\/div>\n            <\/article><!-- Card wrapper -->\n<article class=\"a-card a-card--turid\" link-finder     >\n                <div class=\"a-card__image a-card--turid__image\">\n                <div class=\"bg-img\" style=\"background-image:url(https:\/\/img.turid.visitvarmland.com\/legacy\/Eda\/Bryelse.jpeg?q=80&#038;fit=crop&#038;w=300&#038;h=210&#038;v=1&#038;);\"><\/div>\n            <\/div>\n                        <h2 class=\"a-card__title a-card--turid__title\"><a href=\"https:\/\/www.visitvarmland.com\/eda\/kultur-historia\/natursevardheter\/bryelsegrottan\" data-no-translation>Bryelsegrottan<\/a><\/h2>\n                        <div class=\"a-card__content a-card--turid__content\">Denna naturp\u00e4rla bes\u00f6ks g\u00e4rna fr\u00e5n slutet av februari&hellip;<\/div>\n                        <div class=\"a-card__bottom-wrapper a-card--turid__bottom-wrapper\" style=\"background-image:url();\">                            <div class=\"a-card__favorite a-card--turid__favorite\"><i class=\"fal fa-heart\"><\/i><\/div>\n                        <div class=\"a-card__tag a-card--turid__tag\"><!-- Button wrapper -->\n\n<a class=\"a-tag a-tag--small\" href=\"https:\/\/www.visitvarmland.com\/kultur-historia\/natursevardheter\" target=\"_self\">\n    <span class='a-card--divider'>Natursev\u00e4rdheter<\/span>\n    <\/a><\/div>\n                        <\/div>\n            <\/article><!-- Card wrapper -->\n<article class=\"a-card a-card--turid\" link-finder     >\n                <div class=\"a-card__image a-card--turid__image\">\n                <div class=\"bg-img\" style=\"background-image:url(https:\/\/img.turid.visitvarmland.com\/legacy\/Eda\/Amfiteatern%20Morokulien.JPG?q=80&#038;fit=crop&#038;w=300&#038;h=210&#038;v=1&#038;);\"><\/div>\n            <\/div>\n                        <h2 class=\"a-card__title a-card--turid__title\"><a href=\"https:\/\/www.visitvarmland.com\/eda\/kultur-historia\/hus-kulturmiljoer\/morokulien-fredsplats\" data-no-translation>Morokulien Fredsplats<\/a><\/h2>\n                        <div class=\"a-card__content a-card--turid__content\">Gr\u00e4nsriket tillkom i samband med ett svensk-norskt radiosamarbete&hellip;<\/div>\n                        <div class=\"a-card__bottom-wrapper a-card--turid__bottom-wrapper\" style=\"background-image:url();\">                            <div class=\"a-card__favorite a-card--turid__favorite\"><i class=\"fal fa-heart\"><\/i><\/div>\n                        <div class=\"a-card__tag a-card--turid__tag\"><!-- Button wrapper -->\n\n<a class=\"a-tag a-tag--small\" href=\"https:\/\/www.visitvarmland.com\/kultur-historia\/hus-kulturmiljoer\" target=\"_self\">\n    <span class='a-card--divider'>Hus &#038; kulturmilj\u00f6er<\/span>\n    <\/a><\/div>\n                        <\/div>\n            <\/article>        <\/div>\n        <button class=\"hero-scroll-icon section-scroll-side\" aria-label=\"Next\" aria-hidden=\"true\" tabindex=\"-1\">\n            <div class=\"pre-icon-dot\"><\/div>\n            <div class=\"pre-icon-dot\"><\/div>\n            <i class=\"fal fa-long-arrow-down\" aria-hidden=\"true\"><\/i>\n        <\/button>\n        <button class=\"hero-scroll-icon section-scroll-side-left section-scroll-side-left-hidden\" aria-label=\"Previous\" aria-hidden=\"true\" tabindex=\"-1\">\n            <div class=\"pre-icon-dot\"><\/div>\n            <div class=\"pre-icon-dot\"><\/div>\n            <i class=\"fal fa-long-arrow-down\" aria-hidden=\"true\"><\/i>\n        <\/button>\n    <\/section>\n\n\n\n\n\n<div class=\"wp-block-atheme-component-action-button atheme-wrapper--action-button-single\"><a href=\"https:\/\/www.visitvarmland.com\/eda\" target=\"_self\" class=\"a-action a-action--arrow\" rel=\"noopener\"><span>Back to Eda<\/span><\/a><\/div>\n","protected":false},"author":410,"featured_media":0,"parent":0,"menu_order":0,"template":"","class_list":["post-698","articles","type-articles","status-publish","hentry"],"acf":[],"lang":"en","translations":{"en":698,"sv":545},"pll_sync_post":[],"_links":{"self":[{"href":"https:\/\/www.visitvarmland.com\/eda\/wp-json\/wp\/v2\/articles\/698","targetHints":{"allow":["GET"]}}],"collection":[{"href":"https:\/\/www.visitvarmland.com\/eda\/wp-json\/wp\/v2\/articles"}],"about":[{"href":"https:\/\/www.visitvarmland.com\/eda\/wp-json\/wp\/v2\/types\/articles"}],"author":[{"embeddable":true,"href":"https:\/\/www.visitvarmland.com\/eda\/wp-json\/wp\/v2\/users\/410"}],"wp:attachment":[{"href":"https:\/\/www.visitvarmland.com\/eda\/wp-json\/wp\/v2\/media?parent=698"}],"curies":[{"name":"wp","href":"https:\/\/api.w.org\/{rel}","templated":true}]}}