{"id":976,"date":"2022-12-12T11:47:00","date_gmt":"2022-12-12T10:47:00","guid":{"rendered":"https:\/\/www.visitvarmland.com\/hammaro\/?post_type=articles&#038;p=976"},"modified":"2024-03-04T15:27:56","modified_gmt":"2024-03-04T14:27:56","slug":"naringslivsmassan-2023","status":"publish","type":"articles","link":"https:\/\/www.visitvarmland.com\/hammaro\/tips-och-guider\/naringslivsmassan-2023\/","title":{"rendered":"N\u00e4ringslivsm\u00e4ssan 2024"},"content":{"rendered":"\n<div class=\"wp-block-columns is-layout-flex wp-container-core-columns-is-layout-9d6595d7 wp-block-columns-is-layout-flex\">\n<div class=\"wp-block-column is-layout-flow wp-block-column-is-layout-flow\" style=\"flex-basis:100%\">\n<p><\/p>\n<\/div>\n<\/div>\n\n\n\n<div class=\"wp-block-columns is-layout-flex wp-container-core-columns-is-layout-9d6595d7 wp-block-columns-is-layout-flex\">\n<div class=\"wp-block-column is-layout-flow wp-block-column-is-layout-flow\"><\/div>\n<\/div>\n\n\n\n<p><\/p>\n\n\n\n<h3 class=\"wp-block-heading\">Ett tillf\u00e4lle att ta kontakt och l\u00e4ra sig mer&nbsp;om n\u00e4ringslivet!<\/h3>\n\n\n\n<p>Vi vill erbjuda en m\u00f6jlighet p\u00e5 Hammar\u00f6 att tr\u00e4ffas f\u00f6r m\u00f6ten, samtal och med stolthet kunna visa upp det varierande n\u00e4ringsliv som vi har i v\u00e5r kommun samt skapa nya kontakter med utom- och inomst\u00e5ende.<\/p>\n\n\n\n<p>Vi vill visa upp med stolthet den m\u00e5ngfald av varierande n\u00e4ringsliv som vi har i v\u00e5r kommun och bjuda in till samarbeten. N\u00e4ringslivsm\u00e4ssan kommer bli en viktig pusselbit i det kontinuerliga och l\u00e5ngsiktiga arbetet med att st\u00e4rka n\u00e4ringslivet p\u00e5 Hammar\u00f6.&nbsp;<\/p>\n\n\n\n<h2 class=\"wp-block-heading\">V\u00e4lkommen att bes\u00f6ka N\u00e4ringslivsm\u00e4ssan<\/h2>\n\n\n\n<p>F\u00f6r bes\u00f6kare \u00e4r detta ett utm\u00e4rkt tillf\u00e4lle f\u00f6r dig att utforska det breda n\u00e4ringslivet som finns i n\u00e4rheten, n\u00e4tverka med lokala f\u00f6retag eller veta vilka f\u00f6retag som finns och vart n\u00e4ringslivet \u00e4r p\u00e5v\u00e4g. Vem vet, kanske blir du intresserad att byta bransch?&nbsp;<\/p>\n\n\n\n<p><strong>N\u00c4R:<\/strong>&nbsp;Torsdag den 7 mars klockan 10-18<br><strong>VAR:<\/strong>&nbsp;Hammar\u00f6 Arena i stora hallen&nbsp;<\/p>\n\n\n\n<p>N\u00e4ringslivsm\u00e4ssan \u00e4r gratis f\u00f6r dig som bes\u00f6kare!<\/p>\n\n\n\n<p>Lokalen \u00e4r tillg\u00e4nglighetsanpassad. <\/p>\n\n\n\n<h3 class=\"wp-block-heading\">Program<\/h3>\n\n\n\n<p>F\u00f6rutom m\u00e4ssutst\u00e4llningen s\u00e5 kommer vi \u00e5r att bjuda p\u00e5 ett antal f\u00f6rel\u00e4sningar som \u00e4r fritt f\u00f6r alla att bes\u00f6ka.<\/p>\n\n\n\n<figure class=\"wp-block-table\"><table><tbody><tr><td><strong>F\u00f6rel\u00e4sare<\/strong><\/td><td><strong>Titel<\/strong><\/td><td><strong>Tider<\/strong><\/td><td><strong>Sal<\/strong><\/td><\/tr><tr><td>Lunchseminarie<\/td><td>Kompetensbrist- Hur agerar vi tillsammans? <strong>(f\u00f6rbokning)<\/strong><\/td><td>12:00- 1300<\/td><td>Stora konferensen<\/td><\/tr><tr><td>ICA Urban Kvantum Hammar\u00f6<\/td><td>Min livs resa<\/td><td>13.00- 13.20\/17:00-17:20<\/td><td>Lilla konferensen<\/td><\/tr><tr><td>Camilla Olsson<\/td><td>Fifty\/ Fifty\u2013 v\u00e4gen mot en j\u00e4mst\u00e4lld idrottsr\u00f6relse<\/td><td>13:30-14:00<\/td><td>Stora konferensen<\/td><\/tr><tr><td>Daniel Bj\u00f6rk<\/td><td>Mat, H\u00e4lsa och tr\u00e4ning<\/td><td>14:00-14:20<\/td><td>Lilla konferensen<\/td><\/tr><tr><td>Swinga<\/td><td>Circul\u00e4ra aff\u00e4rer f\u00f6r alla<\/td><td>15:00-15:20<\/td><td>Stora konferensen<\/td><\/tr><tr><td>Jan Johansson<\/td><td>Yrkes-SM 23-25 April.<br>Sveriges st\u00f6rsta satsning f\u00f6r att \u00f6ka intresset och rekryteringar till yrkesutbildningar!<\/td><td>14:30- 15:00<\/td><td>Lilla konferensen<\/td><\/tr><tr><td>ALMI<\/td><td>\u00c4r ditt f\u00f6retag redo att bli h\u00e5llb\u00e4ttre?<\/td><td>15.30 &#8211; 16:00<\/td><td>Stora konferensen<\/td><\/tr><tr><td>Marcus Fast<\/td><td>CV- g\u00f6r dig matchningsbar (f\u00f6r arbetss\u00f6kande) <br>Hitta r\u00e4tt person \u2013 annonsering (f\u00f6r f\u00f6retag.).<\/td><td>16:00 &#8211; 16:20 \/ 16.30-16.50<\/td><td>Lilla konferensen<\/td><\/tr><\/tbody><\/table><\/figure>\n\n\n\n<p><\/p>\n\n\n\n<h3 class=\"wp-block-heading\">Utst\u00e4llare<\/h3>\n\n\n\n<p>Varmt v\u00e4lkommen att tr\u00e4ffa oss utst\u00e4llare p\u00e5 m\u00e4ssan!<\/p>\n\n\n\n<ul class=\"wp-block-list\">\n<li>Accurato Media<\/li>\n\n\n\n<li>Almi V\u00e4rmland<\/li>\n\n\n\n<li>Brand och r\u00e4ddning Hammar\u00f6<\/li>\n\n\n\n<li>CG Kull AB<\/li>\n\n\n\n<li>Docero AB<\/li>\n\n\n\n<li>Economicon AB<\/li>\n\n\n\n<li>Friskv\u00e5rden i V\u00e4rmland Hammar\u00f6<\/li>\n\n\n\n<li>Fritidsbanken<\/li>\n\n\n\n<li>GlassGlow UF<\/li>\n\n\n\n<li>Gruppresor AB<\/li>\n\n\n\n<li>Hammar\u00f6 Energi AB<\/li>\n\n\n\n<li>Hammar\u00f6 f\u00f6rsamling<\/li>\n\n\n\n<li>Hammar\u00f6 Golfklubb<\/li>\n\n\n\n<li>Hammar\u00f6 kommun<\/li>\n\n\n\n<li>Hammar\u00f6 Tapetserarverkstad<\/li>\n\n\n\n<li>ICA Kvantum Hammar\u00f6<\/li>\n\n\n\n<li>Leader N\u00e4rheten<\/li>\n\n\n\n<li>Lill\u00e4ngshamnens fiskr\u00f6keri<\/li>\n\n\n\n<li>Marguerits delikatessbutik<\/li>\n\n\n\n<li>NordDesign k\u00f6k<\/li>\n\n\n\n<li>Nyf\u00f6retagarcentrum s\u00f6dra V\u00e4rmland<\/li>\n\n\n\n<li>Optinet Data<\/li>\n\n\n\n<li>Qtym AB<\/li>\n\n\n\n<li>Qtym Business Partner AB<\/li>\n\n\n\n<li>Ryds bilglas V\u00e4rmland AB<\/li>\n\n\n\n<li>Seleri AB<\/li>\n\n\n\n<li>Skoghall Folkets hus<\/li>\n\n\n\n<li>Sk\u00e4rg\u00e5rden Harmoni och Balans AB<\/li>\n\n\n\n<li>Solsta Foto AB<\/li>\n\n\n\n<li>Wilma Fors, Illustrat\u00f6r<\/li>\n<\/ul>\n\n\n\n<p><\/p>\n\n\n\n<p><\/p>\n\n\n\n<h3 class=\"wp-block-heading\">M\u00e4sskarta<\/h3>\n\n\n\n<figure class=\"wp-block-image size-large is-resized\"><img loading=\"lazy\" decoding=\"async\" width=\"1024\" height=\"724\" src=\"https:\/\/www.visitvarmland.com\/hammaro\/wp-content\/uploads\/sites\/9\/2024\/03\/Masskarta-2024-2-1024x724.png\" alt=\"\"  class=\"wp-image-1680\" style=\"width:805px;height:auto\" srcset=\"https:\/\/www.visitvarmland.com\/app\/uploads\/sites\/9\/2024\/03\/Masskarta-2024-2-1024x724.png 1024w, https:\/\/www.visitvarmland.com\/app\/uploads\/sites\/9\/2024\/03\/Masskarta-2024-2-300x212.png 300w, https:\/\/www.visitvarmland.com\/app\/uploads\/sites\/9\/2024\/03\/Masskarta-2024-2-768x543.png 768w, https:\/\/www.visitvarmland.com\/app\/uploads\/sites\/9\/2024\/03\/Masskarta-2024-2-1536x1086.png 1536w, https:\/\/www.visitvarmland.com\/app\/uploads\/sites\/9\/2024\/03\/Masskarta-2024-2-2048x1448.png 2048w, https:\/\/www.visitvarmland.com\/app\/uploads\/sites\/9\/2024\/03\/Masskarta-2024-2-18x12.png 18w, https:\/\/www.visitvarmland.com\/app\/uploads\/sites\/9\/2024\/03\/Masskarta-2024-2-150x106.png 150w, https:\/\/www.visitvarmland.com\/app\/uploads\/sites\/9\/2024\/03\/Masskarta-2024-2-600x424.png 600w\" sizes=\"auto, (max-width: 1024px) 100vw, 1024px\" \/><\/figure>\n\n\n\n<p><\/p>\n\n\n\n<h3 class=\"wp-block-heading\">Matutbud\/servering<\/h3>\n\n\n\n<p>Vid entr\u00e9n finns det ett caf\u00e9 som kommer vara \u00f6ppet.<\/p>\n\n\n\n<h2 class=\"wp-block-heading\">Lite info om n\u00e4ringslivet p\u00e5 Hammar\u00f6<\/h2>\n\n\n\n<p>P\u00e5 Hammar\u00f6 finns cirka 1100 registrerade f\u00f6retag d\u00e4r det st\u00f6rsta f\u00f6retaget \u00e4r Stora Enso. St\u00f6rsta arbetsgivaren p\u00e5 \u00f6n \u00e4r Hammar\u00f6 kommun med cirka 1500 anst\u00e4llda. M\u00e5nga av de registrerade f\u00f6retagen \u00e4r medelstora- eller sm\u00e5f\u00f6retag med f\u00e4rre \u00e4n 50 anst\u00e4llda.&nbsp;<\/p>\n\n\n\n<p><strong>Vem kommer p\u00e5 m\u00e4ssan?<\/strong>&nbsp;Andra f\u00f6retagare, skolelever fr\u00e5n Hammar\u00f6s h\u00f6gstadium samt allm\u00e4nheten \u00e4r varmt v\u00e4lkomna.&nbsp;<\/p>\n\n\n\n<h3 class=\"wp-block-heading\">Matutbud\/servering<\/h3>\n\n\n\n<p>Vid entr\u00e9n finns det ett caf\u00e9 som kommer vara \u00f6ppet.<\/p>\n\n\n\n<h3 class=\"wp-block-heading\">Fr\u00e5gor?<\/h3>\n\n\n\n<p>Har du fr\u00e5gor om N\u00e4ringslivsm\u00e4ssan? Kontakta:&nbsp;<strong>naringsliv@hammaro.se<\/strong><\/p>\n","protected":false},"author":97,"featured_media":0,"parent":0,"menu_order":0,"template":"","class_list":["post-976","articles","type-articles","status-publish","hentry"],"acf":[],"lang":"sv","translations":{"sv":976},"pll_sync_post":[],"_links":{"self":[{"href":"https:\/\/www.visitvarmland.com\/hammaro\/wp-json\/wp\/v2\/articles\/976","targetHints":{"allow":["GET"]}}],"collection":[{"href":"https:\/\/www.visitvarmland.com\/hammaro\/wp-json\/wp\/v2\/articles"}],"about":[{"href":"https:\/\/www.visitvarmland.com\/hammaro\/wp-json\/wp\/v2\/types\/articles"}],"author":[{"embeddable":true,"href":"https:\/\/www.visitvarmland.com\/hammaro\/wp-json\/wp\/v2\/users\/97"}],"wp:attachment":[{"href":"https:\/\/www.visitvarmland.com\/hammaro\/wp-json\/wp\/v2\/media?parent=976"}],"curies":[{"name":"wp","href":"https:\/\/api.w.org\/{rel}","templated":true}]}}