{"id":7191,"date":"2025-02-17T09:52:50","date_gmt":"2025-02-17T08:52:50","guid":{"rendered":"https:\/\/www.visitvarmland.com\/kristinehamn\/?post_type=articles&#038;p=7191"},"modified":"2026-02-26T10:34:57","modified_gmt":"2026-02-26T09:34:57","slug":"besokare-till-idrottsevent","status":"publish","type":"articles","link":"https:\/\/www.visitvarmland.com\/kristinehamn\/tips-och-guider\/besokare-till-idrottsevent\/","title":{"rendered":"Tips till bes\u00f6kare i Kristinehamn vid idrottsevent"},"content":{"rendered":"\n<div class=\"wp-block-buttons is-layout-flex wp-block-buttons-is-layout-flex\">\n<div class=\"wp-block-button\"><a class=\"wp-block-button__link wp-element-button\" href=\"#familj\">Se familjeaktiviteter<\/a><\/div>\n\n\n\n<div class=\"wp-block-button\"><a class=\"wp-block-button__link wp-element-button\" href=\"#natur\">Utforska naturen<\/a><\/div>\n\n\n\n<div class=\"wp-block-button\"><a class=\"wp-block-button__link wp-element-button\" href=\"#boende\">Uppt\u00e4ck boenden<\/a><\/div>\n\n\n\n<div class=\"wp-block-button\"><a class=\"wp-block-button__link wp-element-button\" href=\"#Restauranger\">Restauranger<\/a><\/div>\n<\/div>\n\n\n\n\n    <div class=\"cards-section-top\">\n                <h2>Aktuella evenemang<\/h2>\n        <a class=\"a-button\" href=\"https:\/\/www.visitvarmland.com\/kristinehamn\/evenemang\">Alla evenemang<\/a>\n    <\/div>\n    <section class=\"cards-section-wrapper\">\n        <div class=\"cards-section-slide\">\n            <!-- Card wrapper -->\n<article class=\"a-card a-card--event\" link-finder     >\n                <div class=\"a-card__left a-card--event__left has-bg-image\" style=\"background-image:url(https:\/\/img.turid.visitvarmland.com\/b73ba321-8852-427d-8e7d-5d37d73eefd4\/fotograf-felix-odell.jpg?q=80&#038;fit=crop&#038;w=300&#038;h=210&#038;v=1&#038;duotone=40000000,BD000000&#038;duotone-alpha=55&#038;);\">                            <div class=\"a-card__date-wrapper a-card--event__date-wrapper\" style=\"background-image:url();\">                <img decoding=\"async\" class=\"a-card__date-container a-card--event__date-container\" src=\"https:\/\/www.visitvarmland.com\/app\/themes\/a-theme\/assets\/icons\/event-date-background.svg\" \/>\n                        <div class=\"a-card__date a-card--event__date\"><span class=\"day\">26<\/span><span class=\"month\">apr.<\/span><span class=\"year\">2026<\/span><\/div>\n                        <\/div>\n                        <\/div>\n                        <div class=\"a-card__rightcol1 a-card--event__rightcol1\" style=\"background-image:url();\">                            <h2 class=\"a-card__title2 a-card--event__title2\"><a data-no-translation href=\"https:\/\/www.visitvarmland.com\/kristinehamn\/evenemang\/utstallning\/anna-odell-makten-och-barnet\">Anna Odell &#8211; Makten och barnet<\/a><\/h2>\n                        <div class=\"a-card__content a-card--event__content\">Anna Odell, f\u00f6dd\u00a0i Stockholm\u00a01973, \u00e4r verksam som konstn\u00e4r\u00a0och&hellip;<\/div>\n                        <\/div>\n                        <div class=\"a-card__rightcol2 a-card--event__rightcol2\" style=\"background-image:url();\">                            <div class=\"a-card__location a-card--event__location\"><i class=\"fal fa-map-marker-alt\"><\/i><p>Kristinehamns konstmuseum, Kristinehamn<\/p><\/div>\n                        <div class=\"a-card__type-of-event a-card--event__type-of-event\">Utst\u00e4llning<\/div>\n                        <\/div>\n            <\/article><!-- Card wrapper -->\n<article class=\"a-card a-card--event\" link-finder     >\n                <div class=\"a-card__left a-card--event__left has-bg-image\" style=\"background-image:url(https:\/\/img.turid.visitvarmland.com\/94dc4f85-b777-43d2-8f7b-2ef5e2e979b8\/635493801-18560570212018380-138234393976168223-n.jpg?q=80&#038;fit=crop&#038;w=300&#038;h=210&#038;v=1&#038;duotone=40000000,BD000000&#038;duotone-alpha=55&#038;);\">                            <div class=\"a-card__date-wrapper a-card--event__date-wrapper\" style=\"background-image:url();\">                <img decoding=\"async\" class=\"a-card__date-container a-card--event__date-container\" src=\"https:\/\/www.visitvarmland.com\/app\/themes\/a-theme\/assets\/icons\/event-date-background.svg\" \/>\n                        <div class=\"a-card__date a-card--event__date\"><span class=\"day\">26<\/span><span class=\"month\">apr.<\/span><span class=\"year\">2026<\/span><\/div>\n                        <\/div>\n                        <\/div>\n                        <div class=\"a-card__rightcol1 a-card--event__rightcol1\" style=\"background-image:url();\">                            <h2 class=\"a-card__title2 a-card--event__title2\"><a data-no-translation href=\"https:\/\/www.visitvarmland.com\/kristinehamn\/evenemang\/utstallning\/blick\">Blick<\/a><\/h2>\n                        <div class=\"a-card__content a-card--event__content\">Bes\u00f6k utst\u00e4llningen Blick i Kristinehamn \u2013 konst av&hellip;<\/div>\n                        <\/div>\n                        <div class=\"a-card__rightcol2 a-card--event__rightcol2\" style=\"background-image:url();\">                            <div class=\"a-card__location a-card--event__location\"><i class=\"fal fa-map-marker-alt\"><\/i><p>Galleri Kvadraten, Kristinehamn<\/p><\/div>\n                        <div class=\"a-card__type-of-event a-card--event__type-of-event\">Utst\u00e4llning<\/div>\n                        <\/div>\n            <\/article><!-- Card wrapper -->\n<article class=\"a-card a-card--event\" link-finder     >\n                <div class=\"a-card__left a-card--event__left has-bg-image\" style=\"background-image:url(https:\/\/img.turid.visitvarmland.com\/49766f72-ba7a-4b00-87ee-403753cc522e\/130824-web-10-kopia-1.jpg?q=80&#038;fit=crop&#038;w=300&#038;h=210&#038;v=1&#038;duotone=40000000,BD000000&#038;duotone-alpha=55&#038;);\">                            <div class=\"a-card__date-wrapper a-card--event__date-wrapper\" style=\"background-image:url();\">                <img decoding=\"async\" class=\"a-card__date-container a-card--event__date-container\" src=\"https:\/\/www.visitvarmland.com\/app\/themes\/a-theme\/assets\/icons\/event-date-background.svg\" \/>\n                        <div class=\"a-card__date a-card--event__date\"><span class=\"day\">26<\/span><span class=\"month\">apr.<\/span><span class=\"year\">2026<\/span><\/div>\n                        <\/div>\n                        <\/div>\n                        <div class=\"a-card__rightcol1 a-card--event__rightcol1\" style=\"background-image:url();\">                            <h2 class=\"a-card__title2 a-card--event__title2\"><a data-no-translation href=\"https:\/\/www.visitvarmland.com\/kristinehamn\/evenemang\/utstallning\/invigning-av-showroom-hos-malin-fredrika\">Invigning av showroom hos Malin Fredrika<\/a><\/h2>\n                        <div class=\"a-card__content a-card--event__content\">Invigning av Malin Fredrikas showroom \u2013 ett \u00f6ppet&hellip;<\/div>\n                        <\/div>\n                        <div class=\"a-card__rightcol2 a-card--event__rightcol2\" style=\"background-image:url();\">                            <div class=\"a-card__location a-card--event__location\"><i class=\"fal fa-map-marker-alt\"><\/i><p>Studio Malin Fredrika, Kristinehamn<\/p><\/div>\n                        <div class=\"a-card__time a-card--event__time\"><i class=\"fal fa-clock\"><\/i><p>13:00<\/p><\/div>\n                        <div class=\"a-card__type-of-event a-card--event__type-of-event\">Utst\u00e4llning<\/div>\n                        <\/div>\n            <\/article><!-- Card wrapper -->\n<article class=\"a-card a-card--event\" link-finder     >\n                <div class=\"a-card__left a-card--event__left has-bg-image\" style=\"background-image:url(https:\/\/img.turid.visitvarmland.com\/b4bebcdb-af4b-4998-b4e1-26d048174c85\/image0-9.jpg?q=80&#038;fit=crop&#038;w=300&#038;h=210&#038;v=1&#038;duotone=40000000,BD000000&#038;duotone-alpha=55&#038;);\">                            <div class=\"a-card__date-wrapper a-card--event__date-wrapper\" style=\"background-image:url();\">                <img decoding=\"async\" class=\"a-card__date-container a-card--event__date-container\" src=\"https:\/\/www.visitvarmland.com\/app\/themes\/a-theme\/assets\/icons\/event-date-background.svg\" \/>\n                        <div class=\"a-card__date a-card--event__date\"><span class=\"day\">26<\/span><span class=\"month\">apr.<\/span><span class=\"year\">2026<\/span><\/div>\n                        <\/div>\n                        <\/div>\n                        <div class=\"a-card__rightcol1 a-card--event__rightcol1\" style=\"background-image:url();\">                            <h2 class=\"a-card__title2 a-card--event__title2\"><a data-no-translation href=\"https:\/\/www.visitvarmland.com\/kristinehamn\/evenemang\/utstallning\/maria-utter-att-vanda-sig-inat-den-personliga-resan\">Maria Utter &#8211; Att v\u00e4nda sig in\u00e5t, den personliga resan<\/a><\/h2>\n                        <div class=\"a-card__content a-card--event__content\">En upplevelse i f\u00e4rg och form. Akryl p\u00e5&hellip;<\/div>\n                        <\/div>\n                        <div class=\"a-card__rightcol2 a-card--event__rightcol2\" style=\"background-image:url();\">                            <div class=\"a-card__location a-card--event__location\"><i class=\"fal fa-map-marker-alt\"><\/i><p>Galleri V\u00e5gen, Kristinehamn<\/p><\/div>\n                        <div class=\"a-card__type-of-event a-card--event__type-of-event\">Utst\u00e4llning<\/div>\n                        <\/div>\n            <\/article><!-- Card wrapper -->\n<article class=\"a-card a-card--event\" link-finder     >\n                <div class=\"a-card__left a-card--event__left has-bg-image\" style=\"background-image:url(https:\/\/img.turid.visitvarmland.com\/669019d8-9fe3-4eb4-9a6c-4755e2dc72d6\/img-0149.jpg?q=80&#038;fit=crop&#038;w=300&#038;h=210&#038;v=1&#038;duotone=40000000,BD000000&#038;duotone-alpha=55&#038;);\">                            <div class=\"a-card__date-wrapper a-card--event__date-wrapper\" style=\"background-image:url();\">                <img decoding=\"async\" class=\"a-card__date-container a-card--event__date-container\" src=\"https:\/\/www.visitvarmland.com\/app\/themes\/a-theme\/assets\/icons\/event-date-background.svg\" \/>\n                        <div class=\"a-card__date a-card--event__date\"><span class=\"day\">26<\/span><span class=\"month\">apr.<\/span><span class=\"year\">2026<\/span><\/div>\n                        <\/div>\n                        <\/div>\n                        <div class=\"a-card__rightcol1 a-card--event__rightcol1\" style=\"background-image:url();\">                            <h2 class=\"a-card__title2 a-card--event__title2\"><a data-no-translation href=\"https:\/\/www.visitvarmland.com\/kristinehamn\/evenemang\/utstallning\/kristinehamns-konstmuseums-och-vanforeningens-stipendiat-2026-elin-svanelind\">Kristinehamns konstmuseums och V\u00e4nf\u00f6reningens stipendiat 2026 &#8211; Elin Svanelind<\/a><\/h2>\n                        <div class=\"a-card__content a-card--event__content\">F\u00f6rutom att drivas av lusten att t\u00e4nja p\u00e5&hellip;<\/div>\n                        <\/div>\n                        <div class=\"a-card__rightcol2 a-card--event__rightcol2\" style=\"background-image:url();\">                            <div class=\"a-card__location a-card--event__location\"><i class=\"fal fa-map-marker-alt\"><\/i><p>Kristinehamns konstmuseum, Kristinehamn<\/p><\/div>\n                        <div class=\"a-card__type-of-event a-card--event__type-of-event\">Utst\u00e4llning<\/div>\n                        <\/div>\n            <\/article><!-- Card wrapper -->\n<article class=\"a-card a-card--event\" link-finder     >\n                <div class=\"a-card__left a-card--event__left has-bg-image\" style=\"background-image:url(https:\/\/img.turid.visitvarmland.com\/66a2ecf1-6e78-4a7a-867a-0674d067ac6c\/-dsc0248.jpg?q=80&#038;fit=crop&#038;w=300&#038;h=210&#038;v=1&#038;duotone=40000000,BD000000&#038;duotone-alpha=55&#038;);\">                            <div class=\"a-card__date-wrapper a-card--event__date-wrapper\" style=\"background-image:url();\">                <img decoding=\"async\" class=\"a-card__date-container a-card--event__date-container\" src=\"https:\/\/www.visitvarmland.com\/app\/themes\/a-theme\/assets\/icons\/event-date-background.svg\" \/>\n                        <div class=\"a-card__date a-card--event__date\"><span class=\"day\">28<\/span><span class=\"month\">apr.<\/span><span class=\"year\">2026<\/span><\/div>\n                        <\/div>\n                        <\/div>\n                        <div class=\"a-card__rightcol1 a-card--event__rightcol1\" style=\"background-image:url();\">                            <h2 class=\"a-card__title2 a-card--event__title2\"><a data-no-translation href=\"https:\/\/www.visitvarmland.com\/kristinehamn\/evenemang\/utstallning\/jarnet-fodde-staden-2\">J\u00e4rnet f\u00f6dde staden<\/a><\/h2>\n                        <div class=\"a-card__content a-card--event__content\">J\u00e4rnet f\u00f6dde staden \u00e4r en basutst\u00e4llning om Kristinehamns&hellip;<\/div>\n                        <\/div>\n                        <div class=\"a-card__rightcol2 a-card--event__rightcol2\" style=\"background-image:url();\">                            <div class=\"a-card__location a-card--event__location\"><i class=\"fal fa-map-marker-alt\"><\/i><p>Kristinehamns Historiska Museum, Kristinehamn<\/p><\/div>\n                        <div class=\"a-card__repeating_dates a-card--event__repeating_dates\"><i class=\"fal fa-calendar\"><\/i><p>28 apr. \u2013 31 dec. <\/p><\/div>\n                        <div class=\"a-card__type-of-event a-card--event__type-of-event\">Utst\u00e4llning<\/div>\n                        <\/div>\n            <\/article><!-- Card wrapper -->\n<article class=\"a-card a-card--event\" link-finder     >\n                <div class=\"a-card__left a-card--event__left has-bg-image\" style=\"background-image:url(https:\/\/img.turid.visitvarmland.com\/15829e31-1273-4bb8-aaa5-c6aec4654062\/press-kom-och-lek-pa-historiska.jpg?q=80&#038;fit=crop&#038;w=300&#038;h=210&#038;v=1&#038;duotone=40000000,BD000000&#038;duotone-alpha=55&#038;);\">                            <div class=\"a-card__date-wrapper a-card--event__date-wrapper\" style=\"background-image:url();\">                <img decoding=\"async\" class=\"a-card__date-container a-card--event__date-container\" src=\"https:\/\/www.visitvarmland.com\/app\/themes\/a-theme\/assets\/icons\/event-date-background.svg\" \/>\n                        <div class=\"a-card__date a-card--event__date\"><span class=\"day\">28<\/span><span class=\"month\">apr.<\/span><span class=\"year\">2026<\/span><\/div>\n                        <\/div>\n                        <\/div>\n                        <div class=\"a-card__rightcol1 a-card--event__rightcol1\" style=\"background-image:url();\">                            <h2 class=\"a-card__title2 a-card--event__title2\"><a data-no-translation href=\"https:\/\/www.visitvarmland.com\/kristinehamn\/evenemang\/utstallning\/kom-och-lek-pa-historiska\">Kom och lek p\u00e5 Historiska<\/a><\/h2>\n                        <div class=\"a-card__content a-card--event__content\">Lekutst\u00e4llning f\u00f6r barn.<\/div>\n                        <\/div>\n                        <div class=\"a-card__rightcol2 a-card--event__rightcol2\" style=\"background-image:url();\">                            <div class=\"a-card__location a-card--event__location\"><i class=\"fal fa-map-marker-alt\"><\/i><p>Kristinehamns Historiska Museum, Kristinehamn<\/p><\/div>\n                        <div class=\"a-card__repeating_dates a-card--event__repeating_dates\"><i class=\"fal fa-calendar\"><\/i><p>28 apr. \u2013 29 apr. <\/p><\/div>\n                        <div class=\"a-card__type-of-event a-card--event__type-of-event\">Utst\u00e4llning<\/div>\n                        <\/div>\n            <\/article><!-- Card wrapper -->\n<article class=\"a-card a-card--event\" link-finder     >\n                <div class=\"a-card__left a-card--event__left has-bg-image\" style=\"background-image:url(https:\/\/img.turid.visitvarmland.com\/ee736efd-ccd7-4432-bd13-e1d57a626ba4\/arkivens-dag.jpg?q=80&#038;fit=crop&#038;w=300&#038;h=210&#038;v=1&#038;duotone=40000000,BD000000&#038;duotone-alpha=55&#038;);\">                            <div class=\"a-card__date-wrapper a-card--event__date-wrapper\" style=\"background-image:url();\">                <img decoding=\"async\" class=\"a-card__date-container a-card--event__date-container\" src=\"https:\/\/www.visitvarmland.com\/app\/themes\/a-theme\/assets\/icons\/event-date-background.svg\" \/>\n                        <div class=\"a-card__date a-card--event__date\"><span class=\"day\">28<\/span><span class=\"month\">apr.<\/span><span class=\"year\">2026<\/span><\/div>\n                        <\/div>\n                        <\/div>\n                        <div class=\"a-card__rightcol1 a-card--event__rightcol1\" style=\"background-image:url();\">                            <h2 class=\"a-card__title2 a-card--event__title2\"><a data-no-translation href=\"https:\/\/www.visitvarmland.com\/kristinehamn\/evenemang\/utstallning\/kristinehamns-friluftsliv\">Kristinehamns friluftsliv<\/a><\/h2>\n                        <div class=\"a-card__content a-card--event__content\">Vilka friluftsaktiviteter har Kristinehamnsborna roat sig med och&hellip;<\/div>\n                        <\/div>\n                        <div class=\"a-card__rightcol2 a-card--event__rightcol2\" style=\"background-image:url();\">                            <div class=\"a-card__location a-card--event__location\"><i class=\"fal fa-map-marker-alt\"><\/i><p>Kristinehamns Historiska Museum, Kristinehamn<\/p><\/div>\n                        <div class=\"a-card__repeating_dates a-card--event__repeating_dates\"><i class=\"fal fa-calendar\"><\/i><p>28 apr. \u2013 29 apr. <\/p><\/div>\n                        <div class=\"a-card__type-of-event a-card--event__type-of-event\">Utst\u00e4llning<\/div>\n                        <\/div>\n            <\/article><!-- Card wrapper -->\n<article class=\"a-card a-card--event\" link-finder     >\n                <div class=\"a-card__left a-card--event__left has-bg-image\" style=\"background-image:url(https:\/\/img.turid.visitvarmland.com\/e8089bec-2bbe-4824-8602-820d93ef2b97\/skarmbild-2026-02-10-105357.png?q=80&#038;fit=crop&#038;w=300&#038;h=210&#038;v=1&#038;duotone=40000000,BD000000&#038;duotone-alpha=55&#038;);\">                            <div class=\"a-card__date-wrapper a-card--event__date-wrapper\" style=\"background-image:url();\">                <img decoding=\"async\" class=\"a-card__date-container a-card--event__date-container\" src=\"https:\/\/www.visitvarmland.com\/app\/themes\/a-theme\/assets\/icons\/event-date-background.svg\" \/>\n                        <div class=\"a-card__date a-card--event__date\"><span class=\"day\">28<\/span><span class=\"month\">apr.<\/span><span class=\"year\">2026<\/span><\/div>\n                        <\/div>\n                        <\/div>\n                        <div class=\"a-card__rightcol1 a-card--event__rightcol1\" style=\"background-image:url();\">                            <h2 class=\"a-card__title2 a-card--event__title2\"><a data-no-translation href=\"https:\/\/www.visitvarmland.com\/kristinehamn\/evenemang\/ovriga-evenemang\/digital-handledning\">Digital handledning<\/a><\/h2>\n                        <div class=\"a-card__content a-card--event__content\">V\u00e4lkommen p\u00e5 digital handledning p\u00e5 biblioteket!<\/div>\n                        <\/div>\n                        <div class=\"a-card__rightcol2 a-card--event__rightcol2\" style=\"background-image:url();\">                            <div class=\"a-card__location a-card--event__location\"><i class=\"fal fa-map-marker-alt\"><\/i><p>Kristinehamns bibliotek, Kristinehamn<\/p><\/div>\n                        <div class=\"a-card__repeating_dates a-card--event__repeating_dates\"><i class=\"fal fa-calendar\"><\/i><p>28 apr. \u2013 12 maj <\/p><\/div>\n                        <div class=\"a-card__type-of-event a-card--event__type-of-event\">\u00d6vriga evenemang<\/div>\n                        <\/div>\n            <\/article><!-- Card wrapper -->\n<article class=\"a-card a-card--event\" link-finder     >\n                <div class=\"a-card__left a-card--event__left has-bg-image\" style=\"background-image:url(https:\/\/img.turid.visitvarmland.com\/8ae31b87-5bd9-403b-aad4-a08f18b4a4d8\/skarmbild-2026-04-13-120053.png?q=80&#038;fit=crop&#038;w=300&#038;h=210&#038;v=1&#038;duotone=40000000,BD000000&#038;duotone-alpha=55&#038;);\">                            <div class=\"a-card__date-wrapper a-card--event__date-wrapper\" style=\"background-image:url();\">                <img decoding=\"async\" class=\"a-card__date-container a-card--event__date-container\" src=\"https:\/\/www.visitvarmland.com\/app\/themes\/a-theme\/assets\/icons\/event-date-background.svg\" \/>\n                        <div class=\"a-card__date a-card--event__date\"><span class=\"day\">28<\/span><span class=\"month\">apr.<\/span><span class=\"year\">2026<\/span><\/div>\n                        <\/div>\n                        <\/div>\n                        <div class=\"a-card__rightcol1 a-card--event__rightcol1\" style=\"background-image:url();\">                            <h2 class=\"a-card__title2 a-card--event__title2\"><a data-no-translation href=\"https:\/\/www.visitvarmland.com\/kristinehamn\/evenemang\/barn-2\/teater-verkstad\">Teater-verkstad<\/a><\/h2>\n                        <div class=\"a-card__content a-card--event__content\">Vi g\u00f6r en Skuggspelsteater tillsammans!<\/div>\n                        <\/div>\n                        <div class=\"a-card__rightcol2 a-card--event__rightcol2\" style=\"background-image:url();\">                            <div class=\"a-card__location a-card--event__location\"><i class=\"fal fa-map-marker-alt\"><\/i><p>Kristinehamns bibliotek, Kristinehamn<\/p><\/div>\n                        <div class=\"a-card__repeating_dates a-card--event__repeating_dates\"><i class=\"fal fa-calendar\"><\/i><p>28 apr. \u2013 2 juni <\/p><\/div>\n                        <div class=\"a-card__type-of-event a-card--event__type-of-event\">Barn<\/div>\n                        <\/div>\n            <\/article><!-- Card wrapper -->\n<article class=\"a-card a-card--event\" link-finder     >\n                <div class=\"a-card__left a-card--event__left has-bg-image\" style=\"background-image:url(https:\/\/img.turid.visitvarmland.com\/a34fdef4-18e7-4f18-8536-f06e0866e024\/affisch-mats-h-ban-7359-39.jpg?q=80&#038;fit=crop&#038;w=300&#038;h=210&#038;v=1&#038;duotone=40000000,BD000000&#038;duotone-alpha=55&#038;);\">                            <div class=\"a-card__date-wrapper a-card--event__date-wrapper\" style=\"background-image:url();\">                <img decoding=\"async\" class=\"a-card__date-container a-card--event__date-container\" src=\"https:\/\/www.visitvarmland.com\/app\/themes\/a-theme\/assets\/icons\/event-date-background.svg\" \/>\n                        <div class=\"a-card__date a-card--event__date\"><span class=\"day\">29<\/span><span class=\"month\">apr.<\/span><span class=\"year\">2026<\/span><\/div>\n                        <\/div>\n                        <\/div>\n                        <div class=\"a-card__rightcol1 a-card--event__rightcol1\" style=\"background-image:url();\">                            <h2 class=\"a-card__title2 a-card--event__title2\"><a data-no-translation href=\"https:\/\/www.visitvarmland.com\/kristinehamn\/evenemang\/utstallning\/utstallning-till-minne-av-mats-holmstrand\">Utst\u00e4llning till minne av Mats Holmstrand<\/a><\/h2>\n                        <div class=\"a-card__content a-card--event__content\">Fotografier fr\u00e5n en av Kristinehamns st\u00f6rsta fotografer genom&hellip;<\/div>\n                        <\/div>\n                        <div class=\"a-card__rightcol2 a-card--event__rightcol2\" style=\"background-image:url();\">                            <div class=\"a-card__location a-card--event__location\"><i class=\"fal fa-map-marker-alt\"><\/i><p>Kristinehamns bildarkiv, Kristinehamn<\/p><\/div>\n                        <div class=\"a-card__repeating_dates a-card--event__repeating_dates\"><i class=\"fal fa-calendar\"><\/i><p>29 apr. \u2013 30 sep. <\/p><\/div>\n                        <div class=\"a-card__type-of-event a-card--event__type-of-event\">Utst\u00e4llning<\/div>\n                        <\/div>\n            <\/article><!-- Card wrapper -->\n<article class=\"a-card a-card--event\" link-finder     >\n                <div class=\"a-card__left a-card--event__left has-bg-image\" style=\"background-image:url(https:\/\/img.turid.visitvarmland.com\/545c42ba-8248-4e5d-af05-9ae97b8a505e\/img-4305.jpg?q=80&#038;fit=crop&#038;w=300&#038;h=210&#038;v=1&#038;duotone=40000000,BD000000&#038;duotone-alpha=55&#038;);\">                            <div class=\"a-card__date-wrapper a-card--event__date-wrapper\" style=\"background-image:url();\">                <img decoding=\"async\" class=\"a-card__date-container a-card--event__date-container\" src=\"https:\/\/www.visitvarmland.com\/app\/themes\/a-theme\/assets\/icons\/event-date-background.svg\" \/>\n                        <div class=\"a-card__date a-card--event__date\"><span class=\"day\">29<\/span><span class=\"month\">apr.<\/span><span class=\"year\">2026<\/span><\/div>\n                        <\/div>\n                        <\/div>\n                        <div class=\"a-card__rightcol1 a-card--event__rightcol1\" style=\"background-image:url();\">                            <h2 class=\"a-card__title2 a-card--event__title2\"><a data-no-translation href=\"https:\/\/www.visitvarmland.com\/kristinehamn\/evenemang\/utstallning\/extraoppet-historiska\">Extra\u00f6ppet Historiska<\/a><\/h2>\n                        <div class=\"a-card__content a-card--event__content\">En g\u00e5ng i m\u00e5naden p\u00e5 onsdag och l\u00f6rdag&hellip;<\/div>\n                        <\/div>\n                        <div class=\"a-card__rightcol2 a-card--event__rightcol2\" style=\"background-image:url();\">                            <div class=\"a-card__location a-card--event__location\"><i class=\"fal fa-map-marker-alt\"><\/i><p>Kristinehamns Historiska Museum, Kristinehamn<\/p><\/div>\n                        <div class=\"a-card__repeating_dates a-card--event__repeating_dates\"><i class=\"fal fa-calendar\"><\/i><p>29 apr. \u2013 30 maj <\/p><\/div>\n                        <div class=\"a-card__type-of-event a-card--event__type-of-event\">Utst\u00e4llning<\/div>\n                        <\/div>\n            <\/article><!-- Card wrapper -->\n<article class=\"a-card a-card--event\" link-finder     >\n                <div class=\"a-card__left a-card--event__left has-bg-image\" style=\"background-image:url(https:\/\/img.turid.visitvarmland.com\/b11cdde0-b332-41e2-8748-8e0abdd38841\/img-1967.jpg?q=80&#038;fit=crop&#038;w=300&#038;h=210&#038;v=1&#038;duotone=40000000,BD000000&#038;duotone-alpha=55&#038;);\">                            <div class=\"a-card__date-wrapper a-card--event__date-wrapper\" style=\"background-image:url();\">                <img decoding=\"async\" class=\"a-card__date-container a-card--event__date-container\" src=\"https:\/\/www.visitvarmland.com\/app\/themes\/a-theme\/assets\/icons\/event-date-background.svg\" \/>\n                        <div class=\"a-card__date a-card--event__date\"><span class=\"day\">29<\/span><span class=\"month\">apr.<\/span><span class=\"year\">2026<\/span><\/div>\n                        <\/div>\n                        <\/div>\n                        <div class=\"a-card__rightcol1 a-card--event__rightcol1\" style=\"background-image:url();\">                            <h2 class=\"a-card__title2 a-card--event__title2\"><a data-no-translation href=\"https:\/\/www.visitvarmland.com\/kristinehamn\/evenemang\/musik\/lunchmusik\">Lunchmusik<\/a><\/h2>\n                        <div class=\"a-card__content a-card--event__content\">Njut av lunchmusik i Kristinehamns kyrka.<\/div>\n                        <\/div>\n                        <div class=\"a-card__rightcol2 a-card--event__rightcol2\" style=\"background-image:url();\">                            <div class=\"a-card__location a-card--event__location\"><i class=\"fal fa-map-marker-alt\"><\/i><p>Kristinehamns kyrka, Kristinehamn<\/p><\/div>\n                        <div class=\"a-card__repeating_dates a-card--event__repeating_dates\"><i class=\"fal fa-calendar\"><\/i><p>29 apr. \u2013 27 maj <\/p><\/div>\n                        <div class=\"a-card__type-of-event a-card--event__type-of-event\">Musik<\/div>\n                        <\/div>\n            <\/article><!-- Card wrapper -->\n<article class=\"a-card a-card--event\" link-finder     >\n                <div class=\"a-card__left a-card--event__left has-bg-image\" style=\"background-image:url(https:\/\/img.turid.visitvarmland.com\/ae9e6c1e-437d-444a-b774-a983a7016599\/after-school-2025.jpg?q=80&#038;fit=crop&#038;w=300&#038;h=210&#038;v=1&#038;duotone=40000000,BD000000&#038;duotone-alpha=55&#038;);\">                            <div class=\"a-card__date-wrapper a-card--event__date-wrapper\" style=\"background-image:url();\">                <img decoding=\"async\" class=\"a-card__date-container a-card--event__date-container\" src=\"https:\/\/www.visitvarmland.com\/app\/themes\/a-theme\/assets\/icons\/event-date-background.svg\" \/>\n                        <div class=\"a-card__date a-card--event__date\"><span class=\"day\">29<\/span><span class=\"month\">apr.<\/span><span class=\"year\">2026<\/span><\/div>\n                        <\/div>\n                        <\/div>\n                        <div class=\"a-card__rightcol1 a-card--event__rightcol1\" style=\"background-image:url();\">                            <h2 class=\"a-card__title2 a-card--event__title2\"><a data-no-translation href=\"https:\/\/www.visitvarmland.com\/kristinehamn\/evenemang\/ovriga-evenemang\/after-school\">After school<\/a><\/h2>\n                        <div class=\"a-card__content a-card--event__content\">Kom och h\u00e4ng p\u00e5 biblioteket efter skolan!<\/div>\n                        <\/div>\n                        <div class=\"a-card__rightcol2 a-card--event__rightcol2\" style=\"background-image:url();\">                            <div class=\"a-card__location a-card--event__location\"><i class=\"fal fa-map-marker-alt\"><\/i><p>Kristinehamns bibliotek, Kristinehamn<\/p><\/div>\n                        <div class=\"a-card__repeating_dates a-card--event__repeating_dates\"><i class=\"fal fa-calendar\"><\/i><p>29 apr. \u2013 27 maj <\/p><\/div>\n                        <div class=\"a-card__type-of-event a-card--event__type-of-event\">\u00d6vriga evenemang<\/div>\n                        <\/div>\n            <\/article><!-- Card wrapper -->\n<article class=\"a-card a-card--event\" link-finder     >\n                <div class=\"a-card__left a-card--event__left has-bg-image\" style=\"background-image:url(https:\/\/img.turid.visitvarmland.com\/9f1dbdcb-6f3d-4398-a797-c66a55438515\/valborg-i-bjorneborg.jpg?q=80&#038;fit=crop&#038;w=300&#038;h=210&#038;v=1&#038;duotone=40000000,BD000000&#038;duotone-alpha=55&#038;);\">                            <div class=\"a-card__date-wrapper a-card--event__date-wrapper\" style=\"background-image:url();\">                <img decoding=\"async\" class=\"a-card__date-container a-card--event__date-container\" src=\"https:\/\/www.visitvarmland.com\/app\/themes\/a-theme\/assets\/icons\/event-date-background.svg\" \/>\n                        <div class=\"a-card__date a-card--event__date\"><span class=\"day\">30<\/span><span class=\"month\">apr.<\/span><span class=\"year\">2026<\/span><\/div>\n                        <\/div>\n                        <\/div>\n                        <div class=\"a-card__rightcol1 a-card--event__rightcol1\" style=\"background-image:url();\">                            <h2 class=\"a-card__title2 a-card--event__title2\"><a data-no-translation href=\"https:\/\/www.visitvarmland.com\/kristinehamn\/evenemang\/ovriga-evenemang\/valborg-i-bjorneborg\">Valborg i Bj\u00f6rneborg<\/a><\/h2>\n                        <div class=\"a-card__content a-card--event__content\">Bj\u00f6rneborg samh\u00e4lle s\u00f6der om Kristinehamn firar traditionsenligt in&hellip;<\/div>\n                        <\/div>\n                        <div class=\"a-card__rightcol2 a-card--event__rightcol2\" style=\"background-image:url();\">                            <div class=\"a-card__location a-card--event__location\"><i class=\"fal fa-map-marker-alt\"><\/i><p>J\u00e4rnv\u00e4gsparken i Bj\u00f6rneborg, Kristinehamn<\/p><\/div>\n                        <div class=\"a-card__time a-card--event__time\"><i class=\"fal fa-clock\"><\/i><p>19:00<\/p><\/div>\n                        <div class=\"a-card__type-of-event a-card--event__type-of-event\">\u00d6vriga evenemang<\/div>\n                        <\/div>\n            <\/article><!-- Card wrapper -->\n<article class=\"a-card a-card--event\" link-finder     >\n                <div class=\"a-card__left a-card--event__left has-bg-image\" style=\"background-image:url(https:\/\/img.turid.visitvarmland.com\/91b9d1b2-a520-4a68-a630-f56e6ac5101b\/img-0421.jpg?q=80&#038;fit=crop&#038;w=300&#038;h=210&#038;v=1&#038;duotone=40000000,BD000000&#038;duotone-alpha=55&#038;);\">                            <div class=\"a-card__date-wrapper a-card--event__date-wrapper\" style=\"background-image:url();\">                <img decoding=\"async\" class=\"a-card__date-container a-card--event__date-container\" src=\"https:\/\/www.visitvarmland.com\/app\/themes\/a-theme\/assets\/icons\/event-date-background.svg\" \/>\n                        <div class=\"a-card__date a-card--event__date\"><span class=\"day\">30<\/span><span class=\"month\">apr.<\/span><span class=\"year\">2026<\/span><\/div>\n                        <\/div>\n                        <\/div>\n                        <div class=\"a-card__rightcol1 a-card--event__rightcol1\" style=\"background-image:url();\">                            <h2 class=\"a-card__title2 a-card--event__title2\"><a data-no-translation href=\"https:\/\/www.visitvarmland.com\/kristinehamn\/evenemang\/ovriga-evenemang\/valborg-pa-hembygdsgarden\">Valborg p\u00e5 Hembygdsg\u00e5rden<\/a><\/h2>\n                        <div class=\"a-card__content a-card--event__content\">Traditionellt Valborgsm\u00e4ssofirande p\u00e5 Kristinehamns hembygdsg\u00e5rd med tal, musik,&hellip;<\/div>\n                        <\/div>\n                        <div class=\"a-card__rightcol2 a-card--event__rightcol2\" style=\"background-image:url();\">                            <div class=\"a-card__location a-card--event__location\"><i class=\"fal fa-map-marker-alt\"><\/i><p>Kristinehamns Hembygdsg\u00e5rd, Kristinehamn<\/p><\/div>\n                        <div class=\"a-card__time a-card--event__time\"><i class=\"fal fa-clock\"><\/i><p>18:00<\/p><\/div>\n                        <div class=\"a-card__type-of-event a-card--event__type-of-event\">\u00d6vriga evenemang<\/div>\n                        <\/div>\n            <\/article><!-- Card wrapper -->\n<article class=\"a-card a-card--event\" link-finder     >\n                <div class=\"a-card__left a-card--event__left has-bg-image\" style=\"background-image:url(https:\/\/img.turid.visitvarmland.com\/81de9c6d-ad38-4e7f-b897-754d69ae551a\/valborg-vid-skymningen-fralsningsarmen-sommarhem.jpg?q=80&#038;fit=crop&#038;w=300&#038;h=210&#038;v=1&#038;duotone=40000000,BD000000&#038;duotone-alpha=55&#038;);\">                            <div class=\"a-card__date-wrapper a-card--event__date-wrapper\" style=\"background-image:url();\">                <img decoding=\"async\" class=\"a-card__date-container a-card--event__date-container\" src=\"https:\/\/www.visitvarmland.com\/app\/themes\/a-theme\/assets\/icons\/event-date-background.svg\" \/>\n                        <div class=\"a-card__date a-card--event__date\"><span class=\"day\">30<\/span><span class=\"month\">apr.<\/span><span class=\"year\">2026<\/span><\/div>\n                        <\/div>\n                        <\/div>\n                        <div class=\"a-card__rightcol1 a-card--event__rightcol1\" style=\"background-image:url();\">                            <h2 class=\"a-card__title2 a-card--event__title2\"><a data-no-translation href=\"https:\/\/www.visitvarmland.com\/kristinehamn\/evenemang\/ovriga-evenemang\/valborg-vid-skymningen\">Valborg vid Skymningen<\/a><\/h2>\n                        <div class=\"a-card__content a-card--event__content\">Fira traditionsenligt in v\u00e5ren vid Fr\u00e4lsningsarm\u00e9ns sommarhem i&hellip;<\/div>\n                        <\/div>\n                        <div class=\"a-card__rightcol2 a-card--event__rightcol2\" style=\"background-image:url();\">                            <div class=\"a-card__location a-card--event__location\"><i class=\"fal fa-map-marker-alt\"><\/i><p>Fr\u00e4lsningsarmens sommarhem, Kristinehamn<\/p><\/div>\n                        <div class=\"a-card__time a-card--event__time\"><i class=\"fal fa-clock\"><\/i><p>18:30<\/p><\/div>\n                        <div class=\"a-card__type-of-event a-card--event__type-of-event\">\u00d6vriga evenemang<\/div>\n                        <\/div>\n            <\/article><!-- Card wrapper -->\n<article class=\"a-card a-card--event\" link-finder     >\n                <div class=\"a-card__left a-card--event__left has-bg-image\" style=\"background-image:url(https:\/\/img.turid.visitvarmland.com\/5fe480a9-7e8d-4e7f-88f5-10b46234e6e1\/valborgseld-bergsjo-bygdegard.jpg?q=80&#038;fit=crop&#038;w=300&#038;h=210&#038;v=1&#038;duotone=40000000,BD000000&#038;duotone-alpha=55&#038;);\">                            <div class=\"a-card__date-wrapper a-card--event__date-wrapper\" style=\"background-image:url();\">                <img decoding=\"async\" class=\"a-card__date-container a-card--event__date-container\" src=\"https:\/\/www.visitvarmland.com\/app\/themes\/a-theme\/assets\/icons\/event-date-background.svg\" \/>\n                        <div class=\"a-card__date a-card--event__date\"><span class=\"day\">30<\/span><span class=\"month\">apr.<\/span><span class=\"year\">2026<\/span><\/div>\n                        <\/div>\n                        <\/div>\n                        <div class=\"a-card__rightcol1 a-card--event__rightcol1\" style=\"background-image:url();\">                            <h2 class=\"a-card__title2 a-card--event__title2\"><a data-no-translation href=\"https:\/\/www.visitvarmland.com\/kristinehamn\/evenemang\/ovriga-evenemang\/valborg-pa-bergsjo-bygdegard\">Valborg p\u00e5 Bergsj\u00f6 Bygdeg\u00e5rd<\/a><\/h2>\n                        <div class=\"a-card__content a-card--event__content\">Traditionellt valborgsm\u00e4ssofirande p\u00e5 Bergsj\u00f6 Bygdeg\u00e5rd norr om Kristinehamn.&hellip;<\/div>\n                        <\/div>\n                        <div class=\"a-card__rightcol2 a-card--event__rightcol2\" style=\"background-image:url();\">                            <div class=\"a-card__location a-card--event__location\"><i class=\"fal fa-map-marker-alt\"><\/i><p>Bergsj\u00f6 Bygdeg\u00e5rd, Kristinehamn<\/p><\/div>\n                        <div class=\"a-card__time a-card--event__time\"><i class=\"fal fa-clock\"><\/i><p>20:00<\/p><\/div>\n                        <div class=\"a-card__type-of-event a-card--event__type-of-event\">\u00d6vriga evenemang<\/div>\n                        <\/div>\n            <\/article><!-- Card wrapper -->\n<article class=\"a-card a-card--event\" link-finder     >\n                <div class=\"a-card__left a-card--event__left has-bg-image\" style=\"background-image:url(https:\/\/img.turid.visitvarmland.com\/37db9489-6cd1-4df7-89ee-a04e770a3ea4\/fackeltag-valborg.jpg?q=80&#038;fit=crop&#038;w=300&#038;h=210&#038;v=1&#038;duotone=40000000,BD000000&#038;duotone-alpha=55&#038;);\">                            <div class=\"a-card__date-wrapper a-card--event__date-wrapper\" style=\"background-image:url();\">                <img decoding=\"async\" class=\"a-card__date-container a-card--event__date-container\" src=\"https:\/\/www.visitvarmland.com\/app\/themes\/a-theme\/assets\/icons\/event-date-background.svg\" \/>\n                        <div class=\"a-card__date a-card--event__date\"><span class=\"day\">30<\/span><span class=\"month\">apr.<\/span><span class=\"year\">2026<\/span><\/div>\n                        <\/div>\n                        <\/div>\n                        <div class=\"a-card__rightcol1 a-card--event__rightcol1\" style=\"background-image:url();\">                            <h2 class=\"a-card__title2 a-card--event__title2\"><a data-no-translation href=\"https:\/\/www.visitvarmland.com\/kristinehamn\/evenemang\/ovriga-evenemang\/valborg-i-olme\">Valborg i \u00d6lme<\/a><\/h2>\n                        <div class=\"a-card__content a-card--event__content\">Fira Valborg i \u00d6lmebygden med musik, fackelt\u00e5g och&hellip;<\/div>\n                        <\/div>\n                        <div class=\"a-card__rightcol2 a-card--event__rightcol2\" style=\"background-image:url();\">                            <div class=\"a-card__location a-card--event__location\"><i class=\"fal fa-map-marker-alt\"><\/i><p>\u00d6lme IP, Kristinehamn<\/p><\/div>\n                        <div class=\"a-card__time a-card--event__time\"><i class=\"fal fa-clock\"><\/i><p>19:30<\/p><\/div>\n                        <div class=\"a-card__type-of-event a-card--event__type-of-event\">\u00d6vriga evenemang<\/div>\n                        <\/div>\n            <\/article><!-- Card wrapper -->\n<article class=\"a-card a-card--event\" link-finder     >\n                <div class=\"a-card__left a-card--event__left has-bg-image\" style=\"background-image:url(https:\/\/img.turid.visitvarmland.com\/2d0ee260-d312-4eb0-bf54-31abcb51a2ec\/mostphotos-valborgsmassoafton.jpg?q=80&#038;fit=crop&#038;w=300&#038;h=210&#038;v=1&#038;duotone=40000000,BD000000&#038;duotone-alpha=55&#038;);\">                            <div class=\"a-card__date-wrapper a-card--event__date-wrapper\" style=\"background-image:url();\">                <img decoding=\"async\" class=\"a-card__date-container a-card--event__date-container\" src=\"https:\/\/www.visitvarmland.com\/app\/themes\/a-theme\/assets\/icons\/event-date-background.svg\" \/>\n                        <div class=\"a-card__date a-card--event__date\"><span class=\"day\">30<\/span><span class=\"month\">apr.<\/span><span class=\"year\">2026<\/span><\/div>\n                        <\/div>\n                        <\/div>\n                        <div class=\"a-card__rightcol1 a-card--event__rightcol1\" style=\"background-image:url();\">                            <h2 class=\"a-card__title2 a-card--event__title2\"><a data-no-translation href=\"https:\/\/www.visitvarmland.com\/kristinehamn\/evenemang\/ovriga-evenemang\/valborg-i-torpasen\">Valborg i Torp\u00e5sen<\/a><\/h2>\n                        <div class=\"a-card__content a-card--event__content\">Fira Valborg i Kristinehamn p\u00e5 Torp\u00e5sens bygdeg\u00e5rd. Brasa,&hellip;<\/div>\n                        <\/div>\n                        <div class=\"a-card__rightcol2 a-card--event__rightcol2\" style=\"background-image:url();\">                            <div class=\"a-card__location a-card--event__location\"><i class=\"fal fa-map-marker-alt\"><\/i><p>Torp\u00e5sens bygdeg\u00e5rd, Kristinehamn<\/p><\/div>\n                        <div class=\"a-card__time a-card--event__time\"><i class=\"fal fa-clock\"><\/i><p>19:00<\/p><\/div>\n                        <div class=\"a-card__type-of-event a-card--event__type-of-event\">\u00d6vriga evenemang<\/div>\n                        <\/div>\n            <\/article>        <\/div>\n        <button class=\"hero-scroll-icon section-scroll-side\" aria-label=\"Next\" aria-hidden=\"true\" tabindex=\"-1\">\n            <div class=\"pre-icon-dot\"><\/div>\n            <div class=\"pre-icon-dot\"><\/div>\n            <i class=\"fal fa-long-arrow-down\" aria-hidden=\"true\"><\/i>\n        <\/button>\n        <button class=\"hero-scroll-icon section-scroll-side-left section-scroll-side-left-hidden\" aria-label=\"Previous\" aria-hidden=\"true\" tabindex=\"-1\">\n            <div class=\"pre-icon-dot\"><\/div>\n            <div class=\"pre-icon-dot\"><\/div>\n            <i class=\"fal fa-long-arrow-down\" aria-hidden=\"true\"><\/i>\n        <\/button>\n    <\/section>\n\n\n\n\n<h2 class=\"wp-block-heading\">M\u00e5sten i Kristinehamn<\/h2>\n\n\n\n<p>Fr\u00e5n v\u00e4rldens h\u00f6gsta Picassoskulptur till mysiga loppisar \u2013 Kristinehamn bjuder p\u00e5 stora upplevelser i sm\u00e5stadsmilj\u00f6. Klicka p\u00e5 l\u00e4nkarna nedan och hitta mer info av det som du vill g\u00f6ra just idag.<\/p>\n\n\n\n<ul class=\"wp-block-list\">\n<li><a href=\"https:\/\/www.visitvarmland.com\/kristinehamn\/kultur-historia\/picassoskulpturen\"><em>V\u00e4rldens h\u00f6gsta Picassoskulptur<\/em><\/a><\/li>\n\n\n\n<li>En av V\u00e4rmlands \u00e4ldsta runstenar- <a href=\"https:\/\/www.visitvarmland.com\/kristinehamn\/kultur-historia\/natursevardheter\/runstenen-vid-jarsberg\"><em>J\u00e4rsbergstenen<\/em><\/a><\/li>\n\n\n\n<li><a href=\"https:\/\/www.kristinehamn.se\/kristinehamns-konstmuseum\/utstallningar\/\" target=\"_blank\" rel=\"noopener\"><em>Kristinehamns konstmuseum<\/em><\/a><\/li>\n\n\n\n<li>Uppt\u00e4ck Kristinehamn p\u00e5 egen hand. H\u00e4r har vi samlat lite olika <a href=\"https:\/\/www.visitvarmland.com\/kristinehamn\/tips-och-guider\/upptack-kristinehamn-pa-egen-hand\/\"><em>promenadtips i centrum f\u00f6r historia, vackra byggnader m.m.<\/em><\/a><\/li>\n\n\n\n<li>Gillar du att &#8221;loppa&#8221;? H\u00e4r finns en loppiskarta s\u00e5 du l\u00e4tt hittar vila <a href=\"https:\/\/www.visitvarmland.com\/kristinehamn\/tips-och-guider\/loppis-och-unikt\/\"><em>loppisar och Second hand butiker som finns h\u00e4r.<\/em><\/a><\/li>\n\n\n\n<li>I Kristinehamn arrangeras det m\u00e5nga evenemang \u00e5ret runt stora som sm\u00e5. <a href=\"https:\/\/www.visitvarmland.com\/kristinehamn\/evenemang\"><em>Klicka h\u00e4r f\u00f6r att se hela evenemangskalendern.<\/em><\/a><\/li>\n\n\n\n<li>En fika sitter aldrig fel! Klassiskt kondis eller modernt fika? <a href=\"https:\/\/www.visitvarmland.com\/kristinehamn\/mat-dryck?categories=mat-dryck%2Fkafe-bageri\"><em>H\u00e4r har du alla caf\u00e9er i Kristinehamn<\/em><\/a><\/li>\n\n\n\n<li>Sugen p\u00e5 att shoppa? H\u00e4r finns alla <a href=\"https:\/\/www.visitvarmland.com\/kristinehamn\/design-shopping\"><em>butiker listade i Kristinehamn<\/em><\/a><\/li>\n<\/ul>\n\n\n\n<div style=\"height:27px\" aria-hidden=\"true\" class=\"wp-block-spacer\"><\/div>\n\n\n\n<h2 class=\"wp-block-heading\" id=\"familj\">Kul f\u00f6r hela familjen<\/h2>\n\n\n\n<p>N\u00e4r bollen vilar v\u00e4ntar \u00e4ventyr! Kl\u00e4ttra, leka, bada, uppt\u00e4cka \u2013 h\u00e4r finns massor av roliga stopp f\u00f6r b\u00e5de sm\u00e5 och stora. H\u00e4r har vi samlat barnens favoriter efter s\u00e4song!<\/p>\n\n\n\n<div class=\"wp-block-buttons is-layout-flex wp-block-buttons-is-layout-flex\">\n<div class=\"wp-block-button\"><a class=\"wp-block-button__link wp-element-button\" href=\"https:\/\/www.visitvarmland.com\/kristinehamn\/tips-och-guider\/barnens-favoriter-i-kristinehamn\/\">Barnens favoriter<\/a><\/div>\n\n\n\n<div class=\"wp-block-button\"><a class=\"wp-block-button__link wp-element-button\" href=\"https:\/\/www.visitvarmland.com\/kristinehamn\/tips-och-guider\/hosten-i-kristinehamn\/#fembarnsliga\">H\u00f6stkul f\u00f6r hela familjen<\/a><\/div>\n<\/div>\n\n\n\n<figure class=\"wp-block-gallery has-nested-images columns-default is-cropped wp-block-gallery-1 is-layout-flex wp-block-gallery-is-layout-flex\">\n<figure class=\"wp-block-image size-full is-style-default\"><img loading=\"lazy\" decoding=\"async\" width=\"1080\" height=\"1350\" data-id=\"7200\" src=\"https:\/\/www.visitvarmland.com\/kristinehamn\/wp-content\/uploads\/sites\/13\/2025\/02\/230819-Kristinehamn-03-1.jpg\" alt=\"\" class=\"wp-image-7200\" srcset=\"https:\/\/www.visitvarmland.com\/app\/uploads\/sites\/13\/2025\/02\/230819-Kristinehamn-03-1.jpg 1080w, https:\/\/www.visitvarmland.com\/app\/uploads\/sites\/13\/2025\/02\/230819-Kristinehamn-03-1-240x300.jpg 240w, https:\/\/www.visitvarmland.com\/app\/uploads\/sites\/13\/2025\/02\/230819-Kristinehamn-03-1-819x1024.jpg 819w, https:\/\/www.visitvarmland.com\/app\/uploads\/sites\/13\/2025\/02\/230819-Kristinehamn-03-1-768x960.jpg 768w, https:\/\/www.visitvarmland.com\/app\/uploads\/sites\/13\/2025\/02\/230819-Kristinehamn-03-1-120x150.jpg 120w, https:\/\/www.visitvarmland.com\/app\/uploads\/sites\/13\/2025\/02\/230819-Kristinehamn-03-1-480x600.jpg 480w\" sizes=\"auto, (max-width: 1080px) 100vw, 1080px\" \/><\/figure>\n\n\n\n<figure class=\"wp-block-image size-large is-style-default\"><img loading=\"lazy\" decoding=\"async\" width=\"819\" height=\"1024\" data-id=\"7201\" src=\"https:\/\/www.visitvarmland.com\/kristinehamn\/wp-content\/uploads\/sites\/13\/2025\/02\/IMG_1136-1-819x1024.jpg\" alt=\"\" class=\"wp-image-7201\" srcset=\"https:\/\/www.visitvarmland.com\/app\/uploads\/sites\/13\/2025\/02\/IMG_1136-1-819x1024.jpg 819w, https:\/\/www.visitvarmland.com\/app\/uploads\/sites\/13\/2025\/02\/IMG_1136-1-240x300.jpg 240w, https:\/\/www.visitvarmland.com\/app\/uploads\/sites\/13\/2025\/02\/IMG_1136-1-768x960.jpg 768w, https:\/\/www.visitvarmland.com\/app\/uploads\/sites\/13\/2025\/02\/IMG_1136-1-120x150.jpg 120w, https:\/\/www.visitvarmland.com\/app\/uploads\/sites\/13\/2025\/02\/IMG_1136-1-480x600.jpg 480w, https:\/\/www.visitvarmland.com\/app\/uploads\/sites\/13\/2025\/02\/IMG_1136-1.jpg 1080w\" sizes=\"auto, (max-width: 819px) 100vw, 819px\" \/><\/figure>\n<\/figure>\n\n\n\n<div style=\"height:27px\" aria-hidden=\"true\" class=\"wp-block-spacer\"><\/div>\n\n\n\n<figure class=\"wp-block-gallery has-nested-images columns-default is-cropped wp-block-gallery-2 is-layout-flex wp-block-gallery-is-layout-flex\">\n<figure class=\"wp-block-image size-full\"><img loading=\"lazy\" decoding=\"async\" width=\"850\" height=\"850\" data-id=\"8824\" src=\"https:\/\/www.visitvarmland.com\/kristinehamn\/wp-content\/uploads\/sites\/13\/2025\/02\/picasso_1.jpg\" alt=\"\" class=\"wp-image-8824\" srcset=\"https:\/\/www.visitvarmland.com\/app\/uploads\/sites\/13\/2025\/02\/picasso_1.jpg 850w, https:\/\/www.visitvarmland.com\/app\/uploads\/sites\/13\/2025\/02\/picasso_1-300x300.jpg 300w, https:\/\/www.visitvarmland.com\/app\/uploads\/sites\/13\/2025\/02\/picasso_1-150x150.jpg 150w, https:\/\/www.visitvarmland.com\/app\/uploads\/sites\/13\/2025\/02\/picasso_1-768x768.jpg 768w, https:\/\/www.visitvarmland.com\/app\/uploads\/sites\/13\/2025\/02\/picasso_1-600x600.jpg 600w\" sizes=\"auto, (max-width: 850px) 100vw, 850px\" \/><\/figure>\n<\/figure>\n\n\n\n<div style=\"height:27px\" aria-hidden=\"true\" class=\"wp-block-spacer\"><\/div>\n\n\n\n<h2 class=\"wp-block-heading\" id=\"natur\">Upplev V\u00e4nerns natur<\/h2>\n\n\n\n<p>K\u00e4nn vinden fr\u00e5n V\u00e4nerhavet, vandra bland skogar och stigar, eller paddla i solnedg\u00e5ngen \u2013 naturen h\u00e4r \u00e4r lika storslagen som n\u00e4ra. <\/p>\n\n\n\n<ul class=\"wp-block-list\">\n<li><a href=\"https:\/\/www.visitvarmland.com\/kristinehamn\/tips-och-guider\/vandra\/\">Vandra<\/a><\/li>\n\n\n\n<li><a href=\"https:\/\/www.visitvarmland.com\/kristinehamn\/tips-och-guider\/cyklaikristinehamn\/\">Cykla<\/a><\/li>\n\n\n\n<li><a href=\"https:\/\/www.visitvarmland.com\/kristinehamn\/tips-och-guider\/fiska-i-kristinehamn\/\">Fiska<\/a><\/li>\n\n\n\n<li><a href=\"https:\/\/www.visitvarmland.com\/kristinehamn\/tips-och-guider\/paddla-2\/\">Paddla<\/a><\/li>\n\n\n\n<li><a href=\"https:\/\/www.visitvarmland.com\/kristinehamn\/tips-och-guider\/vanervy\/\">V\u00e4nervy<\/a><\/li>\n\n\n\n<li><a href=\"https:\/\/www.visitvarmland.com\/kristinehamn\/tips-och-guider\/friluftsnordens-favoriter\/\">Friluftsn\u00f6rdarnas favoriter<\/a><\/li>\n\n\n\n<li><a href=\"https:\/\/www.visitvarmland.com\/kristinehamn\/aktiviteter\/djur-och-natur-fagelskadning-i-kristinehamn\">F\u00e5gelsk\u00e5dning<\/a><\/li>\n\n\n\n<li><a href=\"https:\/\/www.visitvarmland.com\/kristinehamn\/tips-och-guider\/hosten-i-kristinehamn\/\">H\u00f6sten i Kristinehamn<\/a><\/li>\n\n\n\n<li><a href=\"https:\/\/www.visitvarmland.com\/kristinehamn\/tips-och-guider\/vinter-i-kristinehamn\/\">Vinterupplevelser<\/a><\/li>\n<\/ul>\n\n\n\n<hr class=\"wp-block-separator has-alpha-channel-opacity\" \/>\n\n\n\n<h2 class=\"wp-block-heading\" id=\"Restauranger\">Smaka p\u00e5 Kristinehamn<\/h2>\n\n\n\n<p>Fika p\u00e5 ett klassiskt kondis, testa genuin italiensk pizza eller sl\u00e5 dig ner vid V\u00e4nerns strand f\u00f6r en middagsupplevelse du minns. H\u00e4r finns fine dining, genuint italienskt, olika asiatiska alternativ och mycket mer! I l\u00e4nkarna nedan finns hela restaurangutbudet samt en sida n\u00e4r vi listat lite matupplevelser och matevent. O du gl\u00f6m inte f\u00f6rboka ditt restaurangbes\u00f6k i tid&#8230;.<\/p>\n\n\n\n<div class=\"wp-block-buttons is-layout-flex wp-block-buttons-is-layout-flex\">\n<div class=\"wp-block-button\"><a class=\"wp-block-button__link wp-element-button\" href=\"https:\/\/www.visitvarmland.com\/kristinehamn\/mat-dryck\">Restauranger och caf\u00e9er<\/a><\/div>\n\n\n\n<div class=\"wp-block-button\"><a class=\"wp-block-button__link wp-element-button\" href=\"https:\/\/www.visitvarmland.com\/kristinehamn\/tips-och-guider\/matupplevelse\/\">Matupplevelser<\/a><\/div>\n\n\n\n<div class=\"wp-block-button\"><a class=\"wp-block-button__link wp-element-button\" href=\"https:\/\/www.visitvarmland.com\/kristinehamn\/tips-och-guider\/oppettider\/\">Vem har \u00f6ppet, och vilken dag?<\/a><\/div>\n<\/div>\n\n\n\n<figure class=\"wp-block-gallery has-nested-images columns-default is-cropped wp-block-gallery-3 is-layout-flex wp-block-gallery-is-layout-flex\">\n<figure class=\"wp-block-image size-large is-style-default\"><img loading=\"lazy\" decoding=\"async\" width=\"819\" height=\"1024\" data-id=\"7206\" src=\"https:\/\/www.visitvarmland.com\/kristinehamn\/wp-content\/uploads\/sites\/13\/2025\/02\/IMG_0408-819x1024.jpg\" alt=\"\" class=\"wp-image-7206\" srcset=\"https:\/\/www.visitvarmland.com\/app\/uploads\/sites\/13\/2025\/02\/IMG_0408-819x1024.jpg 819w, https:\/\/www.visitvarmland.com\/app\/uploads\/sites\/13\/2025\/02\/IMG_0408-240x300.jpg 240w, https:\/\/www.visitvarmland.com\/app\/uploads\/sites\/13\/2025\/02\/IMG_0408-768x960.jpg 768w, https:\/\/www.visitvarmland.com\/app\/uploads\/sites\/13\/2025\/02\/IMG_0408-120x150.jpg 120w, https:\/\/www.visitvarmland.com\/app\/uploads\/sites\/13\/2025\/02\/IMG_0408-480x600.jpg 480w, https:\/\/www.visitvarmland.com\/app\/uploads\/sites\/13\/2025\/02\/IMG_0408.jpg 1080w\" sizes=\"auto, (max-width: 819px) 100vw, 819px\" \/><\/figure>\n\n\n\n<figure class=\"wp-block-image size-large is-style-default\"><img loading=\"lazy\" decoding=\"async\" width=\"819\" height=\"1024\" data-id=\"7208\" src=\"https:\/\/www.visitvarmland.com\/kristinehamn\/wp-content\/uploads\/sites\/13\/2025\/02\/antipasto_misto_Oliveriet_800-1-600x450-1-819x1024.jpg\" alt=\"\" class=\"wp-image-7208\" srcset=\"https:\/\/www.visitvarmland.com\/app\/uploads\/sites\/13\/2025\/02\/antipasto_misto_Oliveriet_800-1-600x450-1-819x1024.jpg 819w, https:\/\/www.visitvarmland.com\/app\/uploads\/sites\/13\/2025\/02\/antipasto_misto_Oliveriet_800-1-600x450-1-240x300.jpg 240w, https:\/\/www.visitvarmland.com\/app\/uploads\/sites\/13\/2025\/02\/antipasto_misto_Oliveriet_800-1-600x450-1-768x960.jpg 768w, https:\/\/www.visitvarmland.com\/app\/uploads\/sites\/13\/2025\/02\/antipasto_misto_Oliveriet_800-1-600x450-1-120x150.jpg 120w, https:\/\/www.visitvarmland.com\/app\/uploads\/sites\/13\/2025\/02\/antipasto_misto_Oliveriet_800-1-600x450-1-480x600.jpg 480w, https:\/\/www.visitvarmland.com\/app\/uploads\/sites\/13\/2025\/02\/antipasto_misto_Oliveriet_800-1-600x450-1.jpg 1080w\" sizes=\"auto, (max-width: 819px) 100vw, 819px\" \/><\/figure>\n<\/figure>\n\n\n\n<div style=\"height:40px\" aria-hidden=\"true\" class=\"wp-block-spacer\"><\/div>\n\n\n\n<h2 class=\"wp-block-heading\">Tr\u00e4na p\u00e5 egen hand<\/h2>\n\n\n\n<p>Vill du ladda om mellan matcherna? Spring en runda, ta en cykeltur, simma eller utmana dig p\u00e5 golfbanan \u2013 h\u00e4r finns allt du beh\u00f6ver. F\u00f6r dig som vill tr\u00e4na p\u00e5 egen hand har vi samlat all info p\u00e5 en sida oavsett om du vill jogga, cykla, simma, spela tennis, ta golfrunda eller \u00e5ka l\u00e4ngdskidor.<\/p>\n\n\n\n<div class=\"wp-block-atheme-component-action-button atheme-wrapper--action-button-single\"><a href=\"https:\/\/www.visitvarmland.com\/kristinehamn\/tips-och-guider\/sport-och-motion-i-kristinehamn\/\" target=\"_self\" class=\"a-action a-action--arrow\" rel=\"noopener\"><span>Sport, tr\u00e4ning &amp; motion i Kristinehamn<\/span><\/a><\/div>\n\n\n\n<h2 class=\"wp-block-heading\" id=\"boende\">Bo &amp; vila upp dig!<\/h2>\n\n\n\n<p>Vakna upp till V\u00e4nerns glittrande v\u00e5gor eller checka in p\u00e5 ett mysigt hotell mitt i stan \u2013 h\u00e4r finns boenden f\u00f6r alla smaker. Tips boka s\u00e5 fort som m\u00f6jligt. \u00c4r det fullbokat i Kristinehamn? Det \u00e4r ca 20 min med bil till Karlskoga och 35 min till Karlstad.<\/p>\n\n\n\n<figure class=\"wp-block-gallery has-nested-images columns-default is-cropped wp-block-gallery-4 is-layout-flex wp-block-gallery-is-layout-flex\">\n<figure class=\"wp-block-image size-large is-style-default\"><img loading=\"lazy\" decoding=\"async\" width=\"1024\" height=\"768\" data-id=\"7196\" src=\"https:\/\/www.visitvarmland.com\/kristinehamn\/wp-content\/uploads\/sites\/13\/2025\/02\/statt_web-1024x768-1-1024x768.jpg\" alt=\"\" class=\"wp-image-7196\" srcset=\"https:\/\/www.visitvarmland.com\/app\/uploads\/sites\/13\/2025\/02\/statt_web-1024x768-1-1024x768.jpg 1024w, https:\/\/www.visitvarmland.com\/app\/uploads\/sites\/13\/2025\/02\/statt_web-1024x768-1-300x225.jpg 300w, https:\/\/www.visitvarmland.com\/app\/uploads\/sites\/13\/2025\/02\/statt_web-1024x768-1-768x576.jpg 768w, https:\/\/www.visitvarmland.com\/app\/uploads\/sites\/13\/2025\/02\/statt_web-1024x768-1-150x113.jpg 150w, https:\/\/www.visitvarmland.com\/app\/uploads\/sites\/13\/2025\/02\/statt_web-1024x768-1-600x450.jpg 600w, https:\/\/www.visitvarmland.com\/app\/uploads\/sites\/13\/2025\/02\/statt_web-1024x768-1.jpg 1200w\" sizes=\"auto, (max-width: 1024px) 100vw, 1024px\" \/><\/figure>\n\n\n\n<figure class=\"wp-block-image size-large is-style-default\"><img loading=\"lazy\" decoding=\"async\" width=\"1024\" height=\"768\" data-id=\"7197\" src=\"https:\/\/www.visitvarmland.com\/kristinehamn\/wp-content\/uploads\/sites\/13\/2025\/02\/Park_hotell_2020-9-1-1024x768.jpg\" alt=\"\" class=\"wp-image-7197\" srcset=\"https:\/\/www.visitvarmland.com\/app\/uploads\/sites\/13\/2025\/02\/Park_hotell_2020-9-1-1024x768.jpg 1024w, https:\/\/www.visitvarmland.com\/app\/uploads\/sites\/13\/2025\/02\/Park_hotell_2020-9-1-300x225.jpg 300w, https:\/\/www.visitvarmland.com\/app\/uploads\/sites\/13\/2025\/02\/Park_hotell_2020-9-1-768x576.jpg 768w, https:\/\/www.visitvarmland.com\/app\/uploads\/sites\/13\/2025\/02\/Park_hotell_2020-9-1-150x113.jpg 150w, https:\/\/www.visitvarmland.com\/app\/uploads\/sites\/13\/2025\/02\/Park_hotell_2020-9-1-600x450.jpg 600w, https:\/\/www.visitvarmland.com\/app\/uploads\/sites\/13\/2025\/02\/Park_hotell_2020-9-1.jpg 1200w\" sizes=\"auto, (max-width: 1024px) 100vw, 1024px\" \/><\/figure>\n\n\n\n<figure class=\"wp-block-image size-full is-style-default\"><img loading=\"lazy\" decoding=\"async\" width=\"1200\" height=\"900\" data-id=\"7198\" src=\"https:\/\/www.visitvarmland.com\/kristinehamn\/wp-content\/uploads\/sites\/13\/2025\/02\/processed-490ABE14-6173-4CAD-823E-6C4D9D669F40-1.jpg\" alt=\"\" class=\"wp-image-7198\" srcset=\"https:\/\/www.visitvarmland.com\/app\/uploads\/sites\/13\/2025\/02\/processed-490ABE14-6173-4CAD-823E-6C4D9D669F40-1.jpg 1200w, https:\/\/www.visitvarmland.com\/app\/uploads\/sites\/13\/2025\/02\/processed-490ABE14-6173-4CAD-823E-6C4D9D669F40-1-300x225.jpg 300w, https:\/\/www.visitvarmland.com\/app\/uploads\/sites\/13\/2025\/02\/processed-490ABE14-6173-4CAD-823E-6C4D9D669F40-1-1024x768.jpg 1024w, https:\/\/www.visitvarmland.com\/app\/uploads\/sites\/13\/2025\/02\/processed-490ABE14-6173-4CAD-823E-6C4D9D669F40-1-768x576.jpg 768w, https:\/\/www.visitvarmland.com\/app\/uploads\/sites\/13\/2025\/02\/processed-490ABE14-6173-4CAD-823E-6C4D9D669F40-1-150x113.jpg 150w, https:\/\/www.visitvarmland.com\/app\/uploads\/sites\/13\/2025\/02\/processed-490ABE14-6173-4CAD-823E-6C4D9D669F40-1-600x450.jpg 600w\" sizes=\"auto, (max-width: 1200px) 100vw, 1200px\" \/><\/figure>\n\n\n\n<figure class=\"wp-block-image size-full is-style-default\"><img loading=\"lazy\" decoding=\"async\" width=\"1200\" height=\"900\" data-id=\"7199\" src=\"https:\/\/www.visitvarmland.com\/kristinehamn\/wp-content\/uploads\/sites\/13\/2025\/02\/230622-Sockerslottet-04.jpg\" alt=\"\" class=\"wp-image-7199\" srcset=\"https:\/\/www.visitvarmland.com\/app\/uploads\/sites\/13\/2025\/02\/230622-Sockerslottet-04.jpg 1200w, https:\/\/www.visitvarmland.com\/app\/uploads\/sites\/13\/2025\/02\/230622-Sockerslottet-04-300x225.jpg 300w, https:\/\/www.visitvarmland.com\/app\/uploads\/sites\/13\/2025\/02\/230622-Sockerslottet-04-1024x768.jpg 1024w, https:\/\/www.visitvarmland.com\/app\/uploads\/sites\/13\/2025\/02\/230622-Sockerslottet-04-768x576.jpg 768w, https:\/\/www.visitvarmland.com\/app\/uploads\/sites\/13\/2025\/02\/230622-Sockerslottet-04-150x113.jpg 150w, https:\/\/www.visitvarmland.com\/app\/uploads\/sites\/13\/2025\/02\/230622-Sockerslottet-04-600x450.jpg 600w\" sizes=\"auto, (max-width: 1200px) 100vw, 1200px\" \/><\/figure>\n<\/figure>\n\n\n\n<div class=\"wp-block-atheme-component-action-button atheme-wrapper--action-button-single\"><a href=\"https:\/\/www.visitvarmland.com\/kristinehamn\/boende?categories=boende&amp;page=2\" target=\"_self\" class=\"a-action a-action--arrow\" rel=\"noopener\"><span>Alla boenden i Kristinehamn<\/span><\/a><\/div>\n\n\n\n<p><br><\/p>\n\n\n\n<h2 class=\"wp-block-heading\">Fler tips!<\/h2>\n\n\n\n<p>Du \u00e4r alltid varmt v\u00e4lkommen att h\u00f6ra av dig till oss p\u00e5 Kristinehamns turistbyr\u00e5! Vi har \u00f6ppet \u00e5ret om 6 dagar i veckan. <a href=\"https:\/\/www.visitvarmland.com\/kristinehamn\/kristinehamns-turistbyra\/\"><em>H\u00e4r hittar du mer information om turistbyr\u00e5ns \u00f6ppettider.<\/em><\/a><\/p>\n\n\n\n<div class=\"wp-block-atheme-component-action-button atheme-wrapper--action-button-single\"><a href=\"https:\/\/www.visitvarmland.com\/kristinehamn\/bra-att-veta\/\" target=\"_self\" class=\"a-action a-action--arrow\" rel=\"noopener\"><span>Praktisk info om: bankomater, sjukv\u00e5rd m.m.<\/span><\/a><\/div>\n\n\n\n<div class=\"wp-block-atheme-component-action-button atheme-wrapper--action-button-single\"><a href=\"https:\/\/www.visitvarmland.com\/kristinehamn\" target=\"_self\" class=\"a-action a-action--arrow\" rel=\"noopener\"><span>Startsida visitkristinehamn.se<\/span><\/a><\/div>\n","protected":false},"author":10,"featured_media":0,"parent":0,"menu_order":0,"template":"","class_list":["post-7191","articles","type-articles","status-publish","hentry"],"acf":[],"lang":"sv","translations":{"sv":7109,"en":7177},"pll_sync_post":[],"_links":{"self":[{"href":"https:\/\/www.visitvarmland.com\/kristinehamn\/wp-json\/wp\/v2\/articles\/7191","targetHints":{"allow":["GET"]}}],"collection":[{"href":"https:\/\/www.visitvarmland.com\/kristinehamn\/wp-json\/wp\/v2\/articles"}],"about":[{"href":"https:\/\/www.visitvarmland.com\/kristinehamn\/wp-json\/wp\/v2\/types\/articles"}],"author":[{"embeddable":true,"href":"https:\/\/www.visitvarmland.com\/kristinehamn\/wp-json\/wp\/v2\/users\/10"}],"wp:attachment":[{"href":"https:\/\/www.visitvarmland.com\/kristinehamn\/wp-json\/wp\/v2\/media?parent=7191"}],"curies":[{"name":"wp","href":"https:\/\/api.w.org\/{rel}","templated":true}]}}