{"id":8542,"date":"2025-07-24T15:02:34","date_gmt":"2025-07-24T13:02:34","guid":{"rendered":"https:\/\/www.visitvarmland.com\/kristinehamn\/?post_type=articles&#038;p=8542"},"modified":"2026-02-28T12:23:48","modified_gmt":"2026-02-28T11:23:48","slug":"drottning-kristina-kristinehamns-urmoder","status":"publish","type":"articles","link":"https:\/\/www.visitvarmland.com\/kristinehamn\/tips-och-guider\/drottning-kristina-kristinehamns-urmoder\/","title":{"rendered":"Drottning Kristina \u2013 Kristinehamns urmoder"},"content":{"rendered":"\n\n    <div class=\"cards-section-top\">\n                <h2>Drottning Kristina<\/h2>\n        <a class=\"a-button\" href=\"https:\/\/www.visitvarmland.com\/kristinehamn\/evenemang\">Visa alla evenemang<\/a>\n    <\/div>\n    <section class=\"cards-section-wrapper\">\n        <div class=\"cards-section-slide\">\n            <!-- Card wrapper -->\n<article class=\"a-card a-card--event\" link-finder     >\n                <div class=\"a-card__left a-card--event__left has-bg-image\" style=\"background-image:url(https:\/\/img.turid.visitvarmland.com\/b7d9b9ef-0fea-4c8f-ac5f-fcfaded93796\/-dsc0248.jpg?q=80&#038;fit=crop&#038;w=300&#038;h=210&#038;v=1&#038;duotone=40000000,BD000000&#038;duotone-alpha=55&#038;);\">                            <div class=\"a-card__date-wrapper a-card--event__date-wrapper\" style=\"background-image:url();\">                <img decoding=\"async\" class=\"a-card__date-container a-card--event__date-container\" src=\"https:\/\/www.visitvarmland.com\/app\/themes\/a-theme\/assets\/icons\/event-date-background.svg\" \/>\n                        <div class=\"a-card__date a-card--event__date\"><span class=\"day\">28<\/span><span class=\"month\">okt.<\/span><span class=\"year\">2026<\/span><\/div>\n                        <\/div>\n                        <\/div>\n                        <div class=\"a-card__rightcol1 a-card--event__rightcol1\" style=\"background-image:url();\">                            <h2 class=\"a-card__title2 a-card--event__title2\"><a data-no-translation href=\"https:\/\/www.visitvarmland.com\/kristinehamn\/evenemang\/forelasning-och-workshop\/visning-med-inriktning-pa-drottning-kristina\">Visning med inriktning p\u00e5 Drottning Kristina<\/a><\/h2>\n                        <div class=\"a-card__content a-card--event__content\">P\u00e5 Kristinehamns Historiska firar vi Drottning Kristina 400&hellip;<\/div>\n                        <\/div>\n                        <div class=\"a-card__rightcol2 a-card--event__rightcol2\" style=\"background-image:url();\">                            <div class=\"a-card__location a-card--event__location\"><i class=\"fal fa-map-marker-alt\"><\/i><p>Kristinehamns Historiska Museum, Kristinehamn<\/p><\/div>\n                        <div class=\"a-card__repeating_dates a-card--event__repeating_dates\"><i class=\"fal fa-calendar\"><\/i><p>28 okt. \u2013 28 nov. <\/p><\/div>\n                        <div class=\"a-card__type-of-event a-card--event__type-of-event\">F\u00f6rel\u00e4sning och workshop<\/div>\n                        <\/div>\n            <\/article>        <\/div>\n        <button class=\"hero-scroll-icon section-scroll-side\" aria-label=\"Next\" aria-hidden=\"true\" tabindex=\"-1\">\n            <div class=\"pre-icon-dot\"><\/div>\n            <div class=\"pre-icon-dot\"><\/div>\n            <i class=\"fal fa-long-arrow-down\" aria-hidden=\"true\"><\/i>\n        <\/button>\n        <button class=\"hero-scroll-icon section-scroll-side-left section-scroll-side-left-hidden\" aria-label=\"Previous\" aria-hidden=\"true\" tabindex=\"-1\">\n            <div class=\"pre-icon-dot\"><\/div>\n            <div class=\"pre-icon-dot\"><\/div>\n            <i class=\"fal fa-long-arrow-down\" aria-hidden=\"true\"><\/i>\n        <\/button>\n    <\/section>\n\n\n\n\n<p>I Sverige \u00e4r Livrustkammaren sammankallande f\u00f6r allt som h\u00e4nder om Drottning Kristina 2026. <a href=\"https:\/\/livrustkammaren.se\/drottning-kristina-400-ar\/\" target=\"_blank\" rel=\"noopener\">Klicka h\u00e4r f\u00f6r att komma till den samlingssidan.<\/a><\/p>\n\n\n\n<h2 class=\"wp-block-heading\">Kristinadagen och Fruntimmersveckan<\/h2>\n\n\n\n<p>Idag, den 24 juli n\u00e4r denna text publiceras, \u00e4r det Kristinadagen i Sverige. Dagen \u00e4r del av den s\u00e5 kallade \u201dFruntimmersveckan\u201d som intr\u00e4ffar mellan 18\u201324 juli, n\u00e4st sista veckan i juli, varje \u00e5r. Varf\u00f6r veckan kallas s\u00e5 \u00e4r till f\u00f6ljd av att samtliga dagar (f\u00f6rutom den f\u00f6rsta) har namnsdagar med kvinnliga namn; Sara, Margareta\/Greta, Johanna, Magdalena\/Madeleine, Emma\/Emmy och slutligen Kristina\/Kerstin. I folkmun har Fruntimmersveckan, som varit belagt sedan 1840-talet, ocks\u00e5 burit med sig tales\u00e4tten \u201dMargareta gr\u00e5ter\u201d och \u201dGreta v\u00e4ter n\u00f6ten\u201d \u2013 detta till f\u00f6ljd av f\u00f6rest\u00e4llningen om att det precis under denna vecka regnar mer \u00e4n vanligt (\u201dfruntimren h\u00e5ller inte t\u00e4tt\u201d, brukade man s\u00e4ga och referera till starka k\u00e4nsloreaktioner).<\/p>\n\n\n\n<p>Namnet <em>Kristina<\/em> \u00e4r etablerat i almanackan sedan det ursprungliga katolska helgonkalendariet och kompletterades \u00e5r 1535 med den nordisk\/l\u00e5gtyska varianten <em>Kerstin<\/em>. Helgonet som givit upphov till Kristinadagen \u00e4r 300-tals martyren heliga Christiana, ocks\u00e5 k\u00e4nd som Nino eller Nina. Namnet populariserades redan p\u00e5 medeltiden och landade slutligen hos denna artikels huvudperson, Christina Augusta av \u00e4tten Vasa (senare Christina Maria Alexandra).<\/p>\n\n\n\n<h3 class=\"wp-block-heading\">En unik uppv\u00e4xt<\/h3>\n\n\n\n<p>Kristina f\u00f6ddes den 12 december 1626 p\u00e5 Stockholms slott under en tid av turbulens i Europa. Vid hennes f\u00f6dsel hade stridigheterna, som skulle komma att ta formen av ett europeiskt storkrig, h\u00e4rjat framf\u00f6r allt i det Tysk-romerska riket sedan 1618. Det 30-\u00e5riga kriget, som det sedan kom att kallas, har traditionellt betecknats som ett <em>religionskrig<\/em> mellan katoliker och protestanter eftersom det i m\u00e5nga fall var dessa tv\u00e5 grupper som st\u00e4lldes mot varandra. Men att beteckna stridigheterna som endast religionskrig \u00e4r ett helt enkelt felaktigt p\u00e5st\u00e5ende d\u00e5 stora politiska ambitioner l\u00e5g bakom oroligheterna. P\u00e5 det ideologiska planet kan vi dock tala om religionens inverkan p\u00e5 kriget. N\u00e4r Kristina var fyra \u00e5r gammal \u00e5r 1630 gick \u00e4ven Sverige med i den v\u00e4pnade konflikten. Hennes far Gustaf II Adolf, Lejonet fr\u00e5n Norden, stupade i slaget vid L\u00fctzen \u00e5r 1632. Vid knappa sex \u00e5rs \u00e5lder var Kristina utan far och bara n\u00e5gra \u00e5r senare h\u00f6lls hon \u00e4ven fr\u00e5n sin mor till f\u00f6ljd av moderns mentala instabilitet.<\/p>\n\n\n\n<p>Hennes faders d\u00f6d var b\u00f6rjan p\u00e5 en unik uppv\u00e4xt f\u00f6r en kvinna i ren\u00e4ssansens adelsliv \u2013 en f\u00f6rmyndarregering med rikskanslern Axel Oxenstierna i spetsen skulle se till att Kristina undervisades enligt manlig uppfostran. Hon skulle f\u00f6rberedas enligt vad en furste \u00f6ver ett kungad\u00f6me beh\u00f6vde l\u00e4ra sig. Hon skulle f\u00f6rberedas p\u00e5 att bli <em>kung<\/em>, inte drottning i den traditionella meningen.<\/p>\n\n\n\n<p>Kristina fick l\u00e4ra sig om manliga idrotter, ridning och jakt. Hon briljerade i de teoretiska \u00e4mnena och fann stort intresse f\u00f6r klassisk filologi, filosofi, matematik, astronomi och teologi. Dessa intressen kommer pr\u00e4gla hennes liv p\u00e5 avg\u00f6rande vis. Kristina var ocks\u00e5 ett underbarn g\u00e4llande spr\u00e5kf\u00f6rm\u00e5gor. Hon kunde tala och delvis skriva p\u00e5 b\u00e5de franska, tyska, italienska, nederl\u00e4ndska, latin, grekiska, hebreiska och arabiska; spr\u00e5k vilka ans\u00e5gs levande kulturspr\u00e5k f\u00f6r tiden.<\/p>\n\n\n\n<p>Kristinas bravader fick hennes f\u00f6rmyndare Axel Oxenstierna att utbrista f\u00f6ljande inf\u00f6r Riksr\u00e5det, \u201dHennes Kungliga Majest\u00e4t l\u00e5ter se specimina \u00f6ver sitt k\u00f6n o \u00e5lder! (\u2026) det vete Gud, hur k\u00e4rt det \u00e4r mig att se, att Hennes Majest\u00e4t icke \u00e4r som en kvinnsperson utan behj\u00e4rtad o av ett gott f\u00f6rst\u00e5nd.&#8221; Uppenbarligen var han n\u00f6jd med sitt eget och l\u00e4rarens Johannes Matthi\u00e6s arbete. \u00c4ven efter det att Kristina blev myndig vid 18-\u00e5rs \u00e5lder och bestred tronen som drottning fortsatte intresset f\u00f6r studierna. Pierre Chanut, en fransk diplomat, beskrev Kristina p\u00e5 f\u00f6ljande vis efter att ha m\u00f6tt henne:<\/p>\n\n\n\n<blockquote class=\"wp-block-quote is-layout-flow wp-block-quote-is-layout-flow\">\n<p>Hon talar franska, som om hon var f\u00f6dd i Louvren, o latin som sitt modersm\u00e5l. (\u2026) hon \u00e4lskar poesi, litteratur o b\u00f6cker, har en s\u00e4llsynt andlig sp\u00e4nstighet, en snabb, s\u00e4ker, ovanligt vidsynt uppfattning, \u00e4r klok o beh\u00e4rskad; energisk i sitt arbete o st\u00e4ndigt i r\u00f6relse h\u00e4nger hon sig helt \u00e5t en gammal statsmans eller filosofs syssels\u00e4ttningar.<\/p>\n<\/blockquote>\n\n\n\n<h3 class=\"wp-block-heading\">Bro blir Christinehamn<\/h3>\n\n\n\n<p>F\u00f6r ett \u00f6gonblick l\u00e4mnar vi Kristina och blickar n\u00e4rmare mot Kristinehamns historia.<\/p>\n\n\n\n<p>F\u00f6r den gamla marknadsplatsen Bro, som uppkallades efter g\u00e5rden som l\u00e5g intill bron \u00f6ver Varnan, var det en n\u00e5gorlunda brokig v\u00e4g till att f\u00e5 stadsr\u00e4ttigheter. Platsen hade varit en socken sedan 1300-talet, Varnums sn, och p\u00e5 s\u00e5 vis haft betydelse f\u00f6r b\u00e5de den kyrkliga och ekonomiska v\u00e4rlden. J\u00e4rnet fick en allt st\u00f6rre betydelse f\u00f6r Bro och 1570 byggdes b\u00e5de hytta och hammarsmedja under Hertig Karl. Denna Hertig Karl blev senare Karl IX och \u00f6gnade Bro som ny stad, men \u00e4ndrade sig d\u00e4refter och gav stadsprivilegierna till den n\u00e4rliggande platsen Tingvalla, vilket d\u00e5 blev Karlstad.<\/p>\n\n\n\n<p>Bro hamn- och marknadsplats f\u00f6rblev allts\u00e5 enbart f\u00f6rsamling under ytterligare n\u00e5gra \u00e5r. Platsen fick alltmer betydelse som uppskeppningshamn f\u00f6r j\u00e4rnprodukter fr\u00e5n \u00f6stra V\u00e4rmland samt spannm\u00e5l fr\u00e5n V\u00e4sterg\u00f6tland; d\u00e4rmed \u00f6kade intresset f\u00f6r att \u00e5terigen \u00f6verv\u00e4ga ge platsen stadsr\u00e4ttigheter. Detta skedde slutligen under Kristinas f\u00f6rmyndarregering \u00e5r 1642 och stadens namn tog efter Drottningen sj\u00e4lv; Christinehamn. Stadsgr\u00e4nserna gick vid staketgatorna och den nya staden hade en befolkning p\u00e5 runt 250 personer. Stadens vapen blev en Bojort, skeppen som fraktade det viktiga j\u00e4rnet, och varf\u00f6r Bojortskopian <em>Christine af Bro <\/em>tillverkades i moderna dagar.<\/p>\n\n\n\n<p>Det \u00e4r allts\u00e5 egentligen inte Drottning Kristina sj\u00e4lv som s\u00e5g till att staden fick sina stadsprivilegier, utan hennes f\u00f6rmyndarregering. Hur som haver gavs staden signifikans under hennes period vid hovet (hon var fortfarande Sveriges drottning trots att hon vid denna tidpunkt inte regerade) samt f\u00f6r att hedra hennes person. Kristinehamn blev ett av v\u00e4rldens absolut mest betydelsefulla marknadscentra d\u00e5 det var h\u00e4r v\u00e4rldsmarknadspriset p\u00e5 j\u00e4rn beslutades och j\u00e4rnet s\u00e5ledes distribuerades. Kristinehamn har d\u00e4rmed god anledning att uppm\u00e4rksamma Drottning Kristinas minne.<\/p>\n\n\n\n<figure class=\"wp-block-gallery has-nested-images columns-default is-cropped wp-block-gallery-1 is-layout-flex wp-block-gallery-is-layout-flex\">\n<figure class=\"wp-block-image size-large\"><img loading=\"lazy\" decoding=\"async\" width=\"850\" height=\"850\" data-id=\"8555\" src=\"https:\/\/www.visitvarmland.com\/kristinehamn\/wp-content\/uploads\/sites\/13\/2025\/07\/24831343_501552576894246_7814869470547356928_o.jpg\" alt=\"\" class=\"wp-image-8555\" srcset=\"https:\/\/www.visitvarmland.com\/app\/uploads\/sites\/13\/2025\/07\/24831343_501552576894246_7814869470547356928_o.jpg 850w, https:\/\/www.visitvarmland.com\/app\/uploads\/sites\/13\/2025\/07\/24831343_501552576894246_7814869470547356928_o-300x300.jpg 300w, https:\/\/www.visitvarmland.com\/app\/uploads\/sites\/13\/2025\/07\/24831343_501552576894246_7814869470547356928_o-150x150.jpg 150w, https:\/\/www.visitvarmland.com\/app\/uploads\/sites\/13\/2025\/07\/24831343_501552576894246_7814869470547356928_o-768x768.jpg 768w, https:\/\/www.visitvarmland.com\/app\/uploads\/sites\/13\/2025\/07\/24831343_501552576894246_7814869470547356928_o-600x600.jpg 600w\" sizes=\"auto, (max-width: 850px) 100vw, 850px\" \/><\/figure>\n<\/figure>\n\n\n\n<div style=\"height:28px\" aria-hidden=\"true\" class=\"wp-block-spacer\"><\/div>\n\n\n\n<h3 class=\"wp-block-heading\">Kristina som drottning<\/h3>\n\n\n\n<p>Drottning Kristina var tydlig i att hon v\u00e4grade gifterm\u00e5l och moderskap eftersom hon inte ville f\u00f6rlora sin autonomi och sin sj\u00e4lvst\u00e4ndighet, vilket i m\u00e5ngas \u00f6gon hotade kungamakten. Samtidigt hade h\u00f6gadelns positioner st\u00e4rkts under tiden f\u00f6r 30-\u00e5riga kriget \u2013 att st\u00e4rka kungamakten och s\u00e4kra tronarvinge blev d\u00e4rf\u00f6r en drivkraft f\u00f6r hennes politiska ambitioner. En av de f\u00f6rsta \u00e5tg\u00e4rderna var att p\u00e5driva en fred till kriget, vilket skedde 1648 och namngavs westfaliska freden. Sverige var nu en stormakt under Drottning Kristinas ledarskap. Genom ett m\u00e4sterligt politiskt spel d\u00e4r hon demolerade riksr\u00e5dets och adelns motst\u00e5nd uts\u00e5gs hennes kusin Karl Gustav till tronf\u00f6ljare \u00e5r 1649 och f\u00f6ljande \u00e5r 1650 \u00e4ven till Sveriges arvfurste. Hon hade d\u00e4rmed s\u00e4krat Sveriges kungamakt likv\u00e4l gjort det starkt.<\/p>\n\n\n\n<p>Kristina fortsatte demonstrera f\u00f6r hennes omv\u00e4rld att hon minsann inte var en traditionell drottning. Hon fortsatte sina studier \u00e4ven efter det att hon bestigit tronen \u2013 n\u00e5got som var s\u00e5 pass ovanligt att hennes namn spreds \u00f6ver v\u00e4rlden. Man beskrev Kristina som att, \u201d vad n\u00e5l o sl\u00e4nda var f\u00f6r andra kvinnor, var vetenskapen f\u00f6r henne.\u201d Till f\u00f6ljd av hennes vetenskapliga och filosofiska intresse blev Stockholm en h\u00f6gborg f\u00f6r de l\u00e4rda och tidens framst\u00e5ende vetenskapsm\u00e4n. Under flera \u00e5r, fr\u00e5n 1646, hade Kristina intensiv f\u00f6rmedling med Ren\u00e9 Descartes kring filosofiska fr\u00e5gor, s\u00e5dant att 1649 anl\u00e4nde han till Sverige \u00e5 hennes inbjudan. Klockan fem om morgonen, tre g\u00e5nger i veckan, samlades de i Kristinas studiekammare f\u00f6r att diskutera filosofi. Dessv\u00e4rre skulle Descartes avlida under en influensaepidemi v\u00e5ren 1650 till b\u00e5de Kristinas och Frankrikes f\u00f6rtret.<\/p>\n\n\n\n<p>Descartes var dock l\u00e5ngt fr\u00e5n den enda ansedda vetenskapsmannen Kristina hade korrespondenser med under hennes tid som regent. Listan av personer kan g\u00f6ras l\u00e5ng, men bland dem fanns filologerna Isaac Vossius, Nicolas Heinsius och Johannes Freinsheimus, historikerna Johan Henrik Boeclerus och Johan Loccenius, bibliotikarien Gabriel Naud\u00e9 likv\u00e4l diplomaterna och statsm\u00e4nnen Pierre Chanut, Koenrad van Beuningen, Bulstrode Whitelocke samt Corfitz Ulfeldt och hans maka Leonora Christina. Stockholms slott fylldes d\u00e4rtill av b\u00f6cker, konstverk och handskrifter b\u00e5de fr\u00e5n krigsbyten i kriget och som ink\u00f6p, vilket gjorde Drottning Kristina till innehavare av ett av Europas d\u00e5 st\u00f6rsta bibliotek. D\u00e4rut\u00f6ver blomstrade medalj- och myntsamlandet.<\/p>\n\n\n\n<p>Som drottning s\u00e5g allts\u00e5 Kristina till att regera p\u00e5 sitt vis. Hon var en drivande kraft till westfaliska freden, hon st\u00e4rkte kungamakten f\u00f6r kommande generation samtidigt som hon s\u00e5g till att f\u00e5 sina egna viljor igenom g\u00e4llande kultur, vetenskap och filosofi \u2013 n\u00e5got av ett unikum f\u00f6r sin tid.<\/p>\n\n\n\n<h3 class=\"wp-block-heading\">Kristina och katolicismen<\/h3>\n\n\n\n<p>Kristina ville f\u00f6rmodligen inte vara regent \u00f6verhuvudtaget, trotts hennes politiska skicklighet, utan i st\u00e4llet fokusera p\u00e5 ting som var viktigare f\u00f6r henne. \u00c5r 1651 b\u00f6rjade hon skrida till verket f\u00f6r att avs\u00e4ga sig kronan. Inf\u00f6r riksr\u00e5det f\u00f6rklarade hon att sk\u00e4len f\u00f6r hennes abdikering, \u201d\u00e4nnu inte kunde riksens r\u00e5d uppt\u00e4cka,\u201d och h\u00e4nvisar h\u00e4r till hennes \u00f6nskan att konvertera till katolicismen \u2013 n\u00e5got hon allts\u00e5 k\u00e4nde sig manad att undanh\u00e5lla f\u00f6r riksr\u00e5det. Kristina hade fr\u00e5n b\u00f6rjan planerat att h\u00e5lla hennes katolska \u00f6vertygelser hemliga, men fick slutligen ett nej ang\u00e5ende detta fr\u00e5n jesuitorden.<\/p>\n\n\n\n<p>Drottning Kristina har av hennes samtid beskrivits som likgiltig ang\u00e5ende religi\u00f6sa fr\u00e5gor. Likv\u00e4l har historieskrivningen menat att konverteringen till katolicismen endast f\u00f6ljdes av viljan att leva i Italien utan hinder. Dagens historiker h\u00e5ller inte med om denna felaktighet. Tv\u00e4rtom menas att Kristina noggrant \u00f6verv\u00e4gt hennes livsk\u00e5dning och landat i katolicismen. Hennes m\u00f6ten med Chanut och Descartes hade enligt henne sj\u00e4lv givit <em>den f\u00f6rsta klarheten<\/em>, \u201dles premi\u00e9res lumi\u00e9res,\u201d och tankearbetet med \u00f6verg\u00e5ngen fr\u00e5n protestantism till katolicism var en tyst och l\u00e5ngsam process under flera \u00e5rs tid. Med tanke p\u00e5 hennes utbildning, fallenhet och intresset f\u00f6r sina \u00e4mnen \u00e4r det tydligt att hon var en stor t\u00e4nkare i sin samtid, mer \u00e4n kapabel till f\u00f6rnuftets v\u00e4rld. Ang\u00e5ende hennes vilja till Italien anses detta ocks\u00e5 varit en felaktighet \u2013 snarare hade Kristina planerat att bo kvar i Sverige efter tronavs\u00e4gelsen och h\u00e5llit sin katolska tro hemlig. Jesuitordens nej gjorde saken klar f\u00f6r Kristina och d\u00e4rf\u00f6r togs beslut om att flytta hennes konstsaker, handskrifter och bibliotek utomlands. 1654 var \u00e5ret Drottningen framf\u00f6rde sin slutgiltiga befallning inf\u00f6r riksr\u00e5det och understr\u00f6k sitt bud att hon, \u201dtegat alltid om de orsaker, som mig d\u00e4rtill har kunnat beveka (\u2026) r\u00e4tta orsaken skulle med tiden bli uppenbar nog.&#8221;<\/p>\n\n\n\n<p>Enligt svensk lag var det ett stort brott att avs\u00e4ga sig protestantismen och en \u00e4n st\u00f6rre h\u00e4delse att \u00f6verg\u00e5 till katolicismen. Kristinas far Gustaf II Adolf hade som bekant ideologiskt stridigt f\u00f6r protestantismens sak, s\u00e5 f\u00f6r hans egen dotter att g\u00e5 \u00f6ver till \u201dfiendens\u201d sida fick Kristina att bli d\u00f6md som en landsf\u00f6rr\u00e4dare av b\u00e5de folket och historikerna. N\u00e5got hon sj\u00e4lv ocks\u00e5 f\u00f6rutsett skulle ske vid hennes abdikering. Kristina stod mellan att f\u00f6lja Svea rikes lag och offra sin livs\u00e5sk\u00e5dning eller sin position som drottning; hon s\u00e5g p\u00e5 hennes beslut som det b\u00e4sta f\u00f6r Sverige eftersom hon p\u00e5 detta vis h\u00f6ll sig sann med sig sj\u00e4lv, samtidigt som hon offrade det personliga intresset f\u00f6r kronan. Folkets gl\u00e5pord och historiens karakt\u00e4rsmord till trots menade Kristina att hon utf\u00f6rt en \u00e4rofylld handling.<\/p>\n\n\n\n<blockquote class=\"wp-block-quote is-layout-flow wp-block-quote-is-layout-flow\">\n<p>M\u00e4nniskorna kan aldrig beundra, aldrig gilla en handling, som de sj\u00e4lva \u00e4r of\u00f6rm\u00f6gna att utf\u00f6ra. \u2013 Drottning Kristina<\/p>\n<\/blockquote>\n\n\n\n<figure class=\"wp-block-gallery has-nested-images columns-default is-cropped wp-block-gallery-2 is-layout-flex wp-block-gallery-is-layout-flex\">\n<figure class=\"wp-block-image size-large is-style-rounded\"><img loading=\"lazy\" decoding=\"async\" width=\"850\" height=\"850\" data-id=\"8570\" src=\"https:\/\/www.visitvarmland.com\/kristinehamn\/wp-content\/uploads\/sites\/13\/2025\/07\/Symbol_utan_datum_och_text.jpg\" alt=\"\" class=\"wp-image-8570\" srcset=\"https:\/\/www.visitvarmland.com\/app\/uploads\/sites\/13\/2025\/07\/Symbol_utan_datum_och_text.jpg 850w, https:\/\/www.visitvarmland.com\/app\/uploads\/sites\/13\/2025\/07\/Symbol_utan_datum_och_text-300x300.jpg 300w, https:\/\/www.visitvarmland.com\/app\/uploads\/sites\/13\/2025\/07\/Symbol_utan_datum_och_text-150x150.jpg 150w, https:\/\/www.visitvarmland.com\/app\/uploads\/sites\/13\/2025\/07\/Symbol_utan_datum_och_text-768x768.jpg 768w, https:\/\/www.visitvarmland.com\/app\/uploads\/sites\/13\/2025\/07\/Symbol_utan_datum_och_text-600x600.jpg 600w\" sizes=\"auto, (max-width: 850px) 100vw, 850px\" \/><\/figure>\n<\/figure>\n\n\n\n<div style=\"height:28px\" aria-hidden=\"true\" class=\"wp-block-spacer\"><\/div>\n\n\n\n<h3 class=\"wp-block-heading\">Kristina Maria Alexandra<\/h3>\n\n\n\n<p>Julaftonen 1654 \u00f6vergick hon till katolicismen i Bryssel och den 23 december 1655, n\u00e4stan p\u00e5 dagen ett \u00e5r senare, anl\u00e4nde Kristina till Rom genom Porta del popolo \u00e5 P\u00e5ve Alexander VII stora fr\u00f6jd. Kristinas f\u00e4rd genom Italien s\u00e5g P\u00e5ven till att bli ett firande under en hel m\u00e5nad och hennes trofasthet f\u00f6r katolicismen menade han skulle s\u00e4tta guldkrona runt hans p\u00e5ved\u00f6me. Vid den f\u00f6rsta nattvarden i Rom antog hon det nya namnet Kristina Maria Alexandra som en \u00f6verg\u00e5ngsrit till hennes nya liv.<\/p>\n\n\n\n<p>Folket i Rom \u00f6ppnade varmt sina armar f\u00f6r Kristina och gav henne namnet <em>regina di Roma<\/em>, Drottningen av Rom. Hennes stora personlighet och intellektuella f\u00f6rm\u00e5ga gav aldrig vika vilket yttermera imponerade b\u00e5de folket som P\u00e5ven \u2013 \u00e5tminstone oftast. P\u00e5ve Alexander VII var stundtals besv\u00e4rad av Kristinas egenhet d\u00e5 hon v\u00e4grade falla under samh\u00e4llets normer f\u00f6r en kvinna i hennes tid. Hon var sannerligen fri i sin person, umgicks med vem hon ville och f\u00f6rde sig p\u00e5 sitt eget vis.<\/p>\n\n\n\n<p>Efter en tids resande i Frankrike (vilket \u00e4r en oerh\u00f6rt intressant historia i sig, v\u00e4rd att f\u00f6rkovra sig inom i andra sammanhang \u00e4n denna text) flyttade Kristina slutligen till Palazzo Riario \u2013 ett storslaget palats med stora tr\u00e4dg\u00e5rdar \u2013 &nbsp;som ocks\u00e5 blev hennes hem f\u00f6r livet. Hennes tidigare samlingar av konstverk, skrifter, bibliotek, mynt och medaljer fortsatte hon v\u00e4xa och Palazzo Riario blev likt Stockholms slott n\u00e5gra \u00e5r tidigare en m\u00f6tesplats f\u00f6r konst, vetenskap och vitterhet. Ut\u00f6ver Roms kardinaler fick hon m\u00e5nga bes\u00f6k av P\u00e5ven sj\u00e4lv. Fr\u00e5n hennes storhet inom vetenskapen grundade Kristina akademin <em>Accademia reale <\/em>som \u00e4nnu finns kvar under namnet <em>Accademia degli Arcadi<\/em>. Roms kulturliv blev allt rikare till f\u00f6ljd av Kristinas engagemang, vilket gett upphov till att kalla den kulturhistoriska tiden i Rom f\u00f6r just <em>il seicento di Christina<\/em>, Kristinas tid, vilket pr\u00e4glat Italien fram till v\u00e5ra dagar.<\/p>\n\n\n\n<p>Efter en tids sjukdom avled Kristina Maria Alexandra \u00e5r 1689 vid en \u00e5lder av 62 och med henne \u00e4ven \u00e4tten Vasa. Hennes minnesplatta i Peterskyrkan d\u00e4r hon ligger begraven pryder ett av hennes mest k\u00e4nda citat, som kanske ocks\u00e5 f\u00e5ngar hennes person som allra b\u00e4st:<\/p>\n\n\n\n<blockquote class=\"wp-block-quote is-layout-flow wp-block-quote-is-layout-flow\">\n<p>Jag f\u00f6ddes fri, levde fri och ska d\u00f6 frigjord.<\/p>\n<\/blockquote>\n\n\n\n<h3 class=\"wp-block-heading\">Drottning Kristinas arv<\/h3>\n\n\n\n<p>I Kristinehamn har Drottning Kristinas arv levt vidare p\u00e5 diverse vis. Kristinadagen den 24 juli har \u00e5tskilliga \u00e5r uppm\u00e4rksammat stadens grundare och skapat sammanhang genom olika aktiviteter och evenemang. Hennes anlete pryder stadens vimplar \u00f6ver gatorna i centrum, en p\u00e5minnelse f\u00f6r kristinehamnaren om hennes historiska roll. Hennes v\u00e4sen bes\u00f6ker staden i form av historiska stadsvandringar och hennes tid i Italien har inspirerat kristinehamnarna till kulturella likv\u00e4l gastronomiska upplevelser. \u00c4ven stadsvapnet, Bojorten, fr\u00e5n Kristinas tid har l\u00e4mnat sp\u00e5r i Kristinehamn i form av kopian Christine af Bro &#8211; som ocks\u00e5 agerat sammansv\u00e4rjande kraft f\u00f6r stadens inv\u00e5nare b\u00e5de under tiden d\u00e5 den seglade V\u00e4nern som nu under hennes restaurering. Sj\u00e4lvfallet lever Kristinas minne \u00e4ven kvar i stadens namn, i sj\u00e4lvaste stadssj\u00e4len.<\/p>\n\n\n\n<p>Drottning Kristina har av efterv\u00e4rlden betraktats som en av de st\u00f6rsta kungliga f\u00f6rr\u00e4darna genom den svenska historien \u2013 \u00e5tminstone fram tills historiografin under 1900-talet \u00e4ndrade form. Abdikeringen och konverteringen anses vara brott hon beg\u00e5tt mot b\u00e5de Sverige som kungad\u00f6me, hennes folk och mot Gud. N\u00e4r vi n\u00e4rmare studerar hennes liv, person, tankar och handlingar blir det f\u00f6r mig uppenbart att hon inte med moderna glas\u00f6gon kan genomg\u00e5 samma ov\u00e4rdiga behandling som historien tidigare givit henne. Hon var en frigiven person, stark och resolut. Hon var intelligent, frispr\u00e5kig och en skicklig politiker. Hon banade v\u00e4gen f\u00f6r den svenska kungamaktens fortsatta starka positionering vilket var oerh\u00f6rt signifikant f\u00f6r tiden. D\u00e4rtill var hon en ikon f\u00f6r kultur och vetenskap som pr\u00e4glat efterv\u00e4rlden tills v\u00e5ra dagar. Hon agerade utefter vad hon ans\u00e5g vara moraliskt r\u00e4tt, \u00e4ven fast detta spr\u00e4ckte h\u00e5l p\u00e5 samtidens normer. P\u00e5 m\u00e5nga s\u00e4tt var hon en f\u00f6rebild f\u00f6r oss idag. Kristina visade att man b\u00f6r vara nyfiken och intresserad. Hon visade att man b\u00f6r st\u00e5 upp f\u00f6r sig sj\u00e4lv och vara sann mot ens person. Hon visade att man i vissa stunder i livet beh\u00f6ver g\u00f6ra uppoffringar. Hon visade att man i vissa stunder tvingas agera p\u00e5 s\u00e5dant vis att omgivningen tror man gjort en or\u00e4tt, \u00e4ven fast de kanske inte f\u00f6rst\u00e5r det goda syftet. Trots att hon aldrig sj\u00e4lv fick eller ville ha barn har Drottning Kristina sannerligen visat sig vara den urmoder kristinehamnaren, f\u00f6r att inte tala om svensken, kan blicka mot f\u00f6r v\u00e4gledning, inspiration och mod. Vi l\u00e4mnar Kristina med ett sista av hennes citat, som vi alla kan b\u00e4ra med oss n\u00e4r vi vandrar livets m\u00e5nga v\u00e4gar.<\/p>\n\n\n\n<blockquote class=\"wp-block-quote is-layout-flow wp-block-quote-is-layout-flow\">\n<p>Den som g\u00e5r sin egen v\u00e4g beh\u00f6ver ingen karta.<\/p>\n<\/blockquote>\n\n\n\n<figure class=\"wp-block-gallery has-nested-images columns-default is-cropped wp-block-gallery-3 is-layout-flex wp-block-gallery-is-layout-flex\">\n<figure class=\"wp-block-image size-large\"><img loading=\"lazy\" decoding=\"async\" width=\"850\" height=\"850\" data-id=\"8568\" src=\"https:\/\/www.visitvarmland.com\/kristinehamn\/wp-content\/uploads\/sites\/13\/2025\/07\/Den_som_gar_sin_egen_vag_visit.jpg\" alt=\"\" class=\"wp-image-8568\" srcset=\"https:\/\/www.visitvarmland.com\/app\/uploads\/sites\/13\/2025\/07\/Den_som_gar_sin_egen_vag_visit.jpg 850w, https:\/\/www.visitvarmland.com\/app\/uploads\/sites\/13\/2025\/07\/Den_som_gar_sin_egen_vag_visit-300x300.jpg 300w, https:\/\/www.visitvarmland.com\/app\/uploads\/sites\/13\/2025\/07\/Den_som_gar_sin_egen_vag_visit-150x150.jpg 150w, https:\/\/www.visitvarmland.com\/app\/uploads\/sites\/13\/2025\/07\/Den_som_gar_sin_egen_vag_visit-768x768.jpg 768w, https:\/\/www.visitvarmland.com\/app\/uploads\/sites\/13\/2025\/07\/Den_som_gar_sin_egen_vag_visit-600x600.jpg 600w\" sizes=\"auto, (max-width: 850px) 100vw, 850px\" \/><\/figure>\n<\/figure>\n\n\n\n<div style=\"height:28px\" aria-hidden=\"true\" class=\"wp-block-spacer\"><\/div>\n\n\n\n<hr class=\"wp-block-separator has-alpha-channel-opacity\" \/>\n\n\n\n<p>OBS.<br>Citaten i artikeln \u00e4r h\u00e4mtade fr\u00e5n Weibull (Svenskt biografiskt lexikon) samt Stadsarkivet i Stockholm.<\/p>\n\n\n\n<h4 class=\"wp-block-heading\">K\u00c4LLOR:<\/h4>\n\n\n\n<ul class=\"wp-block-list\">\n<li><a href=\"https:\/\/sok.riksarkivet.se\/sbl\/artikel\/11773\" target=\"_blank\" rel=\"noopener\">https:\/\/sok.riksarkivet.se\/sbl\/artikel\/11773<\/a><\/li>\n<\/ul>\n\n\n\n<ul class=\"wp-block-list\">\n<li><a href=\"https:\/\/www.isof.se\/utforska\/kunskapsbanker\/lar-dig-mer-om-arets-namn-och-handelser\/handelser\/fruntimmersveckan\" target=\"_blank\" rel=\"noopener\">https:\/\/www.isof.se\/utforska\/kunskapsbanker\/lar-dig-mer-om-arets-namn-och-handelser\/handelser\/fruntimmersveckan<\/a><\/li>\n<\/ul>\n\n\n\n<ul class=\"wp-block-list\">\n<li><a href=\"https:\/\/www.isof.se\/namn\/namnbloggen\/inlagg\/2021-09-03-nar-almanackan-fick-nya-namn\" target=\"_blank\" rel=\"noopener\">https:\/\/www.isof.se\/namn\/namnbloggen\/inlagg\/2021-09-03-nar-almanackan-fick-nya-namn<\/a><\/li>\n<\/ul>\n\n\n\n<ul class=\"wp-block-list\">\n<li><a href=\"https:\/\/oliveriet.se\/drottning-kristina-kristinehamn-italien-oliveriet-mat\/\" target=\"_blank\" rel=\"noopener\">https:\/\/oliveriet.se\/drottning-kristina-kristinehamn-italien-oliveriet-mat\/<\/a><\/li>\n<\/ul>\n\n\n\n<ul class=\"wp-block-list\">\n<li><a href=\"https:\/\/stadsarkivet.stockholm\/aktuellt\/kalendarium\/2025\/09\/drottning-kristina--en-sprakrebell\" target=\"_blank\" rel=\"noopener\">https:\/\/stadsarkivet.stockholm\/aktuellt\/kalendarium\/2025\/09\/drottning-kristina&#8211;en-sprakrebell<\/a><\/li>\n<\/ul>\n\n\n\n<ul class=\"wp-block-list\">\n<li><a href=\"https:\/\/www.so-rummet.se\/kategorier\/drottning-kristina\" target=\"_blank\" rel=\"noopener\">https:\/\/www.so-rummet.se\/kategorier\/drottning-kristina<\/a><\/li>\n<\/ul>\n\n\n\n<ul class=\"wp-block-list\">\n<li><a href=\"https:\/\/www.so-rummet.se\/kategorier\/trettioariga-kriget\" target=\"_blank\" rel=\"noopener\">https:\/\/www.so-rummet.se\/kategorier\/trettioariga-kriget<\/a><\/li>\n<\/ul>\n\n\n\n<ul class=\"wp-block-list\">\n<li><a href=\"https:\/\/historiesajten.se\/krigsinfo.asp?id=12\" target=\"_blank\" rel=\"noopener\">https:\/\/historiesajten.se\/krigsinfo.asp?id=12<\/a><\/li>\n<\/ul>\n\n\n\n<ul class=\"wp-block-list\">\n<li><a href=\"https:\/\/www.kristinehamn.se\/kommun-och-politik\/fakta-om-kristinehamn\/kristinehamns-historia\" target=\"_blank\" rel=\"noopener\">https:\/\/www.kristinehamn.se\/kommun-och-politik\/fakta-om-kristinehamn\/kristinehamns-historia<\/a><\/li>\n<\/ul>\n\n\n\n<ul class=\"wp-block-list\">\n<li><a href=\"https:\/\/turid.visitvarmland.com\/storage\/uploads\/dc7083ee-dde5-40fd-8a7a-a3f6d6588db3\/Folder_skyltar_utskrift_swe.pdf\">https:\/\/turid.visitvarmland.com\/storage\/uploads\/dc7083ee-dde5-40fd-8a7a-a3f6d6588db3\/Folder_skyltar_utskrift_swe.pdf<\/a><\/li>\n<\/ul>\n\n\n\n<ul class=\"wp-block-list\">\n<li><a href=\"https:\/\/www.nkp.se\/2024\/03\/19\/i-begynnelsen-fanns-tva-alvar-och-en-bro-c6b52\" target=\"_blank\" rel=\"noopener\">https:\/\/www.nkp.se\/2024\/03\/19\/i-begynnelsen-fanns-tva-alvar-och-en-bro-c6b52<\/a><\/li>\n<\/ul>\n","protected":false},"author":33,"featured_media":0,"parent":0,"menu_order":0,"template":"","class_list":["post-8542","articles","type-articles","status-publish","hentry"],"acf":[],"lang":"sv","translations":{"sv":8542},"pll_sync_post":[],"_links":{"self":[{"href":"https:\/\/www.visitvarmland.com\/kristinehamn\/wp-json\/wp\/v2\/articles\/8542","targetHints":{"allow":["GET"]}}],"collection":[{"href":"https:\/\/www.visitvarmland.com\/kristinehamn\/wp-json\/wp\/v2\/articles"}],"about":[{"href":"https:\/\/www.visitvarmland.com\/kristinehamn\/wp-json\/wp\/v2\/types\/articles"}],"author":[{"embeddable":true,"href":"https:\/\/www.visitvarmland.com\/kristinehamn\/wp-json\/wp\/v2\/users\/33"}],"wp:attachment":[{"href":"https:\/\/www.visitvarmland.com\/kristinehamn\/wp-json\/wp\/v2\/media?parent=8542"}],"curies":[{"name":"wp","href":"https:\/\/api.w.org\/{rel}","templated":true}]}}